{"id":114482,"date":"2021-04-07T04:44:53","date_gmt":"2021-04-07T08:44:53","guid":{"rendered":"https:\/\/linitiative.ca\/International\/appel-a-lidentification-du-poids-de-linformel-et-ses-determinants\/"},"modified":"2021-04-07T04:44:53","modified_gmt":"2021-04-07T08:44:53","slug":"appel-a-lidentification-du-poids-de-linformel-et-ses-determinants","status":"publish","type":"post","link":"https:\/\/linitiative.ca\/International\/appel-a-lidentification-du-poids-de-linformel-et-ses-determinants\/","title":{"rendered":"Appel \u00e0 l\u2019identification du poids de l\u2019informel et ses d\u00e9terminants"},"content":{"rendered":"<div readability=\"37\">\n<p>Marrakech- Les participants au webinaire consacr\u00e9 au lancement officiel d\u2019une \u00e9tude sur \u00ab\u00a0les \u00e9conomies informelles au Maroc\u00a0\u00bb, ont plaid\u00e9 mardi, en faveur de l\u2019identification du poids de l\u2019informel et ses d\u00e9terminants pour la conception de politiques efficaces soutenant la transition vers la formalit\u00e9.<\/p>\n<\/div>\n<div readability=\"168\">\n<p>Les intervenants \u00e0 cette rencontre \u00e0 distance initi\u00e9e par l\u2019Observatoire National du D\u00e9veloppement Humain (ONDH), l\u2019Universit\u00e9 Mohammed VI Polytechnique (UM6P) \u00e0 Bengu\u00e9rir et HEM, \u00e0 travers son centre de recherche \u00ab\u00a0Economia\u00a0\u00bb qui m\u00e8nent ladite \u00e9tude, ont relev\u00e9 que l\u2019actuelle crise sanitaire mondiale a d\u00e9montr\u00e9 l\u2019urgence d\u2019intervenir pour int\u00e9grer le secteur informel dans le tissu \u00e9conomique formel.<\/p>\n<p>Intervenant \u00e0 cette occasion, le Secr\u00e9taire G\u00e9n\u00e9ral de l\u2019ONDH, El Hassan El Mansouri, a fait savoir que le secteur informel est une composante essentielle des pratiques \u00e9conomiques et de l\u2019emploi au Maroc.<\/p>\n<p>Se r\u00e9f\u00e9rant \u00e0 une enqu\u00eate du Haut Commissariat au Plan (HCP), ainsi qu\u2019\u00e0 une \u00e9tude r\u00e9cente publi\u00e9e par Bank Al-Maghrib traitant de la question de l\u2019informel, M. El Mansouri a appel\u00e9 \u00e0 \u00e9largir les connaissances en la mati\u00e8re, dans une perspective d\u2019\u00e9laborer une vision int\u00e9gr\u00e9e et globale pour la r\u00e9duction du poids de l\u2019informel.<\/p>\n<p>Dans ce contexte, il a fait remarquer que la crise induite par la Covid-19 vient r\u00e9v\u00e9ler encore plus l\u2019urgence de la question de l\u2019informel, relevant que ce processus de r\u00e9flexion sur \u00ab\u00a0les \u00e9conomies informelles\u00a0\u00bb engag\u00e9 par l\u2019ONDH, l\u2019UM6P et HEM vise \u00e0 interpeller les politiques publiques, d\u2019un point de vue du ciblage, de la promotion de la r\u00e9glementation, de la fiscalit\u00e9, de l\u2019emploi et de la formation.<\/p>\n<p>M. El Mansouri a indiqu\u00e9 que l\u2019\u00e9tude men\u00e9e par les trois partenaires, se propose de proc\u00e9der au d\u00e9bat conceptuel distinguant les types d\u2019informalit\u00e9, les d\u00e9finitions et approches, concepts et notions, autour de ce qui est appel\u00e9 secteur, \u00e9conomie et emploi informel, et le circonscrire dans le contexte national et actualiser les donn\u00e9es sur l\u2019informel notamment, la disposition d\u2019informations strat\u00e9giques en vue de renforcer les programmes de sensibilisation et d\u2019accompagnement pour une transition de l\u2019informel vers le formel.<\/p>\n<p>Il s\u2019agit aussi d\u2019analyser la dynamique du secteur de l\u2019informel et d\u2019\u00e9tablir un bilan des politiques, des programmes et des initiatives mis en \u0153uvre en vue de traiter la question de l\u2019informel au Maroc et de mettre l\u2019accent sur le r\u00f4le de la question genre dans l\u2019analyse de cette probl\u00e9matique, a-t-il ajout\u00e9.<\/p>\n<p>Le Directeur d\u2019Economia, M. Driss Ksikes, a, pour sa part, indiqu\u00e9 que cette rencontre vise \u00e0 analyser et \u00e0 comprendre la nature complexe, la diversit\u00e9 et le fonctionnement des activit\u00e9s informelles, indiquant que HEM, l\u2019ONDH et l\u2019UM6P lancent une s\u00e9rie de webinaires sur cette th\u00e9matique dont, le premier portant sur \u00ab Quelles le\u00e7ons retenir des d\u00e9finitions de l\u2019informel ?\u00bb.<\/p>\n<p>Le Directeur de recherche et professeur \u00e9m\u00e9rite \u00e0 l\u2019Institut de Recherche pour le D\u00e9veloppement (IRD), Jacques Charmes, a fait remarquer, quant \u00e0 lui, que l\u2019informel est une r\u00e9alit\u00e9 difficile \u00e0 cerner mais, ne doit pas \u00eatre confondue avec \u00ab\u00a0la fraude\u00a0\u00bb et \u00ab\u00a0l\u2019ill\u00e9galit\u00e9\u00a0\u00bb ou le concept de \u00ab\u00a0l\u2019\u00e9conomie de l\u2019ombre\u00a0\u00bb ou \u00ab\u00a0l\u2019\u00e9conomie souterraine\u00a0\u00bb.<\/p>\n<p>Dans un expos\u00e9 intitul\u00e9 \u00ab\u00a0L\u2019\u00e9conomie informelle dans le monde et au Maghreb : D\u00e9finitions, Sources et M\u00e9thodes, Mesures\u00a0\u00bb, ce sp\u00e9cialiste a not\u00e9 que la taille de l\u2019\u00e9conomie informelle reste sous-estim\u00e9e en raison de la pluriactivit\u00e9 de ses acteurs.<\/p>\n<p>Dans la m\u00eame lign\u00e9e, cet expert fran\u00e7ais a mis l\u2019accent sur les diff\u00e9rentes approches adopt\u00e9es au Maroc, en Alg\u00e9rie et en Tunisie pour mesurer et d\u00e9finir le secteur informel, avant d\u2019\u00e9tablir une nette distinction entre secteur, emploi et \u00e9conomie informels.<\/p>\n<p>Dans ce sens, il a tenu \u00e0 pr\u00e9ciser que l\u2019\u00e9conomie informelle enregistre une tendance baissi\u00e8re au Maroc contrairement, \u00e0 la Tunisie et \u00e0 l\u2019Egypte.<\/p>\n<p>De son c\u00f4t\u00e9, le Directeur de recherche au Centre national de la recherche scientifique (CNRS\/\u00c9cole des hautes \u00e9tudes en sciences sociales-EHESS), Michel Peraldi, a not\u00e9 que la complexit\u00e9 du secteur de l\u2019informel tient \u00e0 la mobilit\u00e9 de ses acteurs au niveau des activit\u00e9s et de l\u2019espace.<\/p>\n<p>Dans son expos\u00e9 sous le th\u00e8me \u00ab\u00a0Les nouvelles informalit\u00e9s, repenser l\u2019informel au miroir des transformations de l\u2019\u00e9conomie mondialis\u00e9e\u00a0\u00bb, ce sp\u00e9cialiste a fait remarquer un retour du secteur de l\u2019informel au c\u0153ur des \u00e9conomies occidentales notamment, dans des secteurs non agricoles importants et d\u00e9velopp\u00e9s, tels que le textile et l\u2019h\u00f4tellerie, ce qui impose de renouveler la r\u00e9flexion autour de cette \u00e9conomie.<\/p>\n<p>Dans ce contexte, ce chercheur a soulev\u00e9 la question de l\u2019implantation des zones franches dans certains Etats, qui posent beaucoup de probl\u00e8mes relatifs \u00e0 l\u2019exon\u00e9ration de taxes et imp\u00f4ts et de charges sociales, avant de proc\u00e9der \u00e0 l\u2019analyse de la relation entre certains aspects de l\u2019informel et \u00ab\u00a0les \u00e9conomies criminelles et mafieuses\u00a0\u00bb tels que le trafic de drogue.<\/p>\n<p>L\u2019\u00e9conomiste et Professeur \u00e0 \u00ab\u00a0Montpellier Business School\u00a0\u00bb, M. Philippe Adair a, pour sa part, estim\u00e9 que les politiques de formalisation ne doivent pas avoir uniquement des objectifs fiscalistes, appelant \u00e0 concilier entre des int\u00e9r\u00eats contradictoires (ceux de l\u2019Etat et ceux des acteurs du secteur informel) pour pouvoir int\u00e9grer cette \u00e9conomie de l\u2019informel.<\/p>\n<p>Dans son intervention intilut\u00e9e \u00ab\u00a0La formalisation de l\u2019\u00e9conomie informelle en Afrique du Nord : enjeux et r\u00e9sultats\u00a0\u00bb, ce chercheur a relev\u00e9 que l\u2019informel ne doit pas \u00eatre consid\u00e9r\u00e9 comme une probl\u00e9matique, surtout que ce secteur contribue \u00e0 la r\u00e9sorption du ch\u00f4mage en Afrique du Nord et au maintien de la paix sociale.<\/p>\n<\/div>\n<p>Auteur: Mohammed KOURSI<br \/>\n<a href=\"http:\/\/www.mapmarrakech.ma\/fr\/appel-a-lidentification-du-poids-de-linformel-pour-la-conception-de-politiques\/\">Cliquez ici pour lire l&rsquo;article depuis sa source.<\/a><\/p>\n","protected":false},"excerpt":{"rendered":"<p>Marrakech- Les participants au webinaire consacr\u00e9 au lancement officiel d\u2019une \u00e9tude sur \u00ab\u00a0les \u00e9conomies informelles au Maroc\u00a0\u00bb, ont plaid\u00e9 mardi, en faveur de l\u2019identification du poids de l\u2019informel et ses d\u00e9terminants pour la conception de politiques efficaces soutenant la transition vers la formalit\u00e9. Les intervenants \u00e0 cette rencontre \u00e0 distance initi\u00e9e par l\u2019Observatoire National du [&hellip;]<\/p>\n","protected":false},"author":1788,"featured_media":0,"comment_status":"closed","ping_status":"closed","sticky":false,"template":"","format":"standard","meta":{"fifu_image_url":"","fifu_image_alt":"","footnotes":""},"categories":[54,76],"tags":[],"class_list":["post-114482","post","type-post","status-publish","format-standard","hentry","category-maroc","category-regions"],"_links":{"self":[{"href":"https:\/\/linitiative.ca\/International\/wp-json\/wp\/v2\/posts\/114482","targetHints":{"allow":["GET"]}}],"collection":[{"href":"https:\/\/linitiative.ca\/International\/wp-json\/wp\/v2\/posts"}],"about":[{"href":"https:\/\/linitiative.ca\/International\/wp-json\/wp\/v2\/types\/post"}],"author":[{"embeddable":true,"href":"https:\/\/linitiative.ca\/International\/wp-json\/wp\/v2\/users\/1788"}],"replies":[{"embeddable":true,"href":"https:\/\/linitiative.ca\/International\/wp-json\/wp\/v2\/comments?post=114482"}],"version-history":[{"count":0,"href":"https:\/\/linitiative.ca\/International\/wp-json\/wp\/v2\/posts\/114482\/revisions"}],"wp:attachment":[{"href":"https:\/\/linitiative.ca\/International\/wp-json\/wp\/v2\/media?parent=114482"}],"wp:term":[{"taxonomy":"category","embeddable":true,"href":"https:\/\/linitiative.ca\/International\/wp-json\/wp\/v2\/categories?post=114482"},{"taxonomy":"post_tag","embeddable":true,"href":"https:\/\/linitiative.ca\/International\/wp-json\/wp\/v2\/tags?post=114482"}],"curies":[{"name":"wp","href":"https:\/\/api.w.org\/{rel}","templated":true}]}}