{"id":114487,"date":"2021-04-07T10:41:57","date_gmt":"2021-04-07T14:41:57","guid":{"rendered":"https:\/\/linitiative.ca\/International\/voie-express-tiznit-dakhla-ou-en-est-le-chantier\/"},"modified":"2021-04-07T10:41:57","modified_gmt":"2021-04-07T14:41:57","slug":"voie-express-tiznit-dakhla-ou-en-est-le-chantier","status":"publish","type":"post","link":"https:\/\/linitiative.ca\/International\/voie-express-tiznit-dakhla-ou-en-est-le-chantier\/","title":{"rendered":"Voie express Tiznit-Dakhla: O\u00f9 en est le chantier ?"},"content":{"rendered":"<p class=\"rtejustify\">Le ministre de l\u2019Equipement, du Transport, de la Logistique et de l\u2019Eau, Abdelkader Amara, s\u2019est inform\u00e9, mardi, de l&rsquo;avancement du chantier de la voie express Tiznit-Dakhla.<\/p>\n<p class=\"rtejustify\">Cet ambitieux projet de 1.055 km sera r\u00e9alis\u00e9 gr\u00e2ce \u00e0 un investissement d\u2019environ 10 milliards de DH. Au niveau de Guelmim-Oued Noun, le chantier concerne 296 km de ce projet, a indiqu\u00e9 Amara, ajoutant que 11 ouvrages d\u2019art seront r\u00e9alis\u00e9s dans la r\u00e9gion. Le taux d&rsquo;avancement des travaux de ce projet dans la r\u00e9gion a atteint 33%, \u00ab compte tenu du relief difficile \u00bb, a soulign\u00e9 le ministre, ajoutant que les entreprises marocaines ont su surmonter ces difficult\u00e9s.<\/p>\n<p class=\"rtejustify\">Amara a aussi mis l\u2019accent sur la r\u00e9alisation de la voie express Tiznit-La\u00e2youne, le renforcement et l\u2019\u00e9largissement de la route nationale n\u00b01 \u00e0 9 m entre La\u00e2youne et Dakhla ainsi que la construction de 16 ouvrages d\u2019art, dont un pont \u00e0 La\u00e2youne d\u2019une longueur d&rsquo;environ 1.600 m avec un co\u00fbt estim\u00e9 \u00e0 1,1 milliard de DH.<\/p>\n<p class=\"rtejustify\">Ce projet a \u00e9t\u00e9 r\u00e9alis\u00e9 \u00e0 43%, dont 46% au niveau de la voie express Tiznit-La\u00e2youne et plus de 91% pour les travaux du renforcement et de l\u2019\u00e9largissement de la RN n\u00b01 entre La\u00e2youne et Dakhla. Le taux de r\u00e9alisation des ouvrages d&rsquo;art s\u2019\u00e9l\u00e8ve \u00e0 13%.<\/p>\n<p class=\"rtejustify\">\u00a0<\/p>\n<p>Auteur: mbasraoui<br \/>\n<a href=\"https:\/\/www.leconomiste.com\/flash-infos\/voie-express-tiznit-dakhla-ou-en-est-le-chantier\">Cliquez ici pour lire l&rsquo;article depuis sa source.<\/a><\/p>\n","protected":false},"excerpt":{"rendered":"<p>Le ministre de l\u2019Equipement, du Transport, de la Logistique et de l\u2019Eau, Abdelkader Amara, s\u2019est inform\u00e9, mardi, de l&rsquo;avancement du chantier de la voie express Tiznit-Dakhla. Cet ambitieux projet de 1.055 km sera r\u00e9alis\u00e9 gr\u00e2ce \u00e0 un investissement d\u2019environ 10 milliards de DH. Au niveau de Guelmim-Oued Noun, le chantier concerne 296 km de ce [&hellip;]<\/p>\n","protected":false},"author":1763,"featured_media":0,"comment_status":"closed","ping_status":"closed","sticky":false,"template":"","format":"standard","meta":{"fifu_image_url":"","fifu_image_alt":"","footnotes":""},"categories":[78,54],"tags":[],"class_list":["post-114487","post","type-post","status-publish","format-standard","hentry","category-economie","category-maroc"],"_links":{"self":[{"href":"https:\/\/linitiative.ca\/International\/wp-json\/wp\/v2\/posts\/114487","targetHints":{"allow":["GET"]}}],"collection":[{"href":"https:\/\/linitiative.ca\/International\/wp-json\/wp\/v2\/posts"}],"about":[{"href":"https:\/\/linitiative.ca\/International\/wp-json\/wp\/v2\/types\/post"}],"author":[{"embeddable":true,"href":"https:\/\/linitiative.ca\/International\/wp-json\/wp\/v2\/users\/1763"}],"replies":[{"embeddable":true,"href":"https:\/\/linitiative.ca\/International\/wp-json\/wp\/v2\/comments?post=114487"}],"version-history":[{"count":0,"href":"https:\/\/linitiative.ca\/International\/wp-json\/wp\/v2\/posts\/114487\/revisions"}],"wp:attachment":[{"href":"https:\/\/linitiative.ca\/International\/wp-json\/wp\/v2\/media?parent=114487"}],"wp:term":[{"taxonomy":"category","embeddable":true,"href":"https:\/\/linitiative.ca\/International\/wp-json\/wp\/v2\/categories?post=114487"},{"taxonomy":"post_tag","embeddable":true,"href":"https:\/\/linitiative.ca\/International\/wp-json\/wp\/v2\/tags?post=114487"}],"curies":[{"name":"wp","href":"https:\/\/api.w.org\/{rel}","templated":true}]}}