{"id":114488,"date":"2021-04-07T11:08:28","date_gmt":"2021-04-07T15:08:28","guid":{"rendered":"https:\/\/linitiative.ca\/International\/tanger-tetouan-al-hoceima-le-prescolaire-generalise-en-2025\/"},"modified":"2021-04-07T11:08:28","modified_gmt":"2021-04-07T15:08:28","slug":"tanger-tetouan-al-hoceima-le-prescolaire-generalise-en-2025","status":"publish","type":"post","link":"https:\/\/linitiative.ca\/International\/tanger-tetouan-al-hoceima-le-prescolaire-generalise-en-2025\/","title":{"rendered":"Tanger-T\u00e9touan-Al Hoceima: Le pr\u00e9scolaire g\u00e9n\u00e9ralis\u00e9 en 2025"},"content":{"rendered":"<p class=\"rtejustify\">L\u2019enseignement du pr\u00e9scolaire sera g\u00e9n\u00e9ralis\u00e9 \u00e0 Tanger-T\u00e9touan-Al Hoceima \u00e0 l\u2019horizon 2025, selon l\u2019Acad\u00e9mie r\u00e9gionale de l\u2019\u00e9ducation et de la formation (AREF).<\/p>\n<p class=\"rtejustify\">\u00ab Toutes les agglom\u00e9rations de la r\u00e9gion seront couvertes d&rsquo;unit\u00e9s d\u2019enseignement pr\u00e9scolaire \u00e0 l\u2019horizon 2025 \u00bb, a indiqu\u00e9 l\u2019AREF lors de la rencontre r\u00e9gionale de coordination sur la mise en \u0153uvre des dispositions de la loi-cadre n\u00b051.17, tenue r\u00e9cemment \u00e0 Tanger. Au total, la r\u00e9gion disposera de 2.970 unit\u00e9s d\u2019enseignement concernant le pr\u00e9scolaire. \u00ab Les travaux pour la cr\u00e9ation, la r\u00e9habilitation et l\u2019\u00e9quipement de 2.970 unit\u00e9s \u00e0 l\u2019horizon 2025 ont \u00e9t\u00e9 entam\u00e9s, ce qui permettra de couvrir l&rsquo;ensemble de la r\u00e9gion \u00bb, souligne le directeur de l\u2019AREF, Mohamed Aouaj.<\/p>\n<p class=\"rtejustify\">En 2019 et 2020, ce chantier a permis de lancer 2.181 unit\u00e9s de pr\u00e9scolaire, dont 1.492 ont \u00e9t\u00e9 construites et \u00e9quip\u00e9es et 269 sont en cours de construction, tandis que l\u2019ouverture des plis pour la construction de 420 unit\u00e9s est pr\u00e9vue durant le mois d\u2019avril. Le taux de r\u00e9alisation du programme de l\u2019AREF pour la g\u00e9n\u00e9ralisation des unit\u00e9s d\u2019enseignement pr\u00e9scolaire a atteint 74%.<\/p>\n<p class=\"rtejustify\">Cette ann\u00e9e, le taux de scolarisation par rapport au nombre de classes du pr\u00e9scolaire atteindra environ 76%, et pr\u00e8s de pr\u00e8s de 80% en 2022 et 84% en 2023.<\/p>\n<p class=\"rtejustify\">\u00a0<\/p>\n<p>Auteur: mbasraoui<br \/>\n<a href=\"https:\/\/www.leconomiste.com\/flash-infos\/tanger-tetouan-al-hoceima-le-prescolaire-generalise-en-2025\">Cliquez ici pour lire l&rsquo;article depuis sa source.<\/a><\/p>\n","protected":false},"excerpt":{"rendered":"<p>L\u2019enseignement du pr\u00e9scolaire sera g\u00e9n\u00e9ralis\u00e9 \u00e0 Tanger-T\u00e9touan-Al Hoceima \u00e0 l\u2019horizon 2025, selon l\u2019Acad\u00e9mie r\u00e9gionale de l\u2019\u00e9ducation et de la formation (AREF). \u00ab Toutes les agglom\u00e9rations de la r\u00e9gion seront couvertes d&rsquo;unit\u00e9s d\u2019enseignement pr\u00e9scolaire \u00e0 l\u2019horizon 2025 \u00bb, a indiqu\u00e9 l\u2019AREF lors de la rencontre r\u00e9gionale de coordination sur la mise en \u0153uvre des dispositions de [&hellip;]<\/p>\n","protected":false},"author":1763,"featured_media":0,"comment_status":"closed","ping_status":"closed","sticky":false,"template":"","format":"standard","meta":{"fifu_image_url":"","fifu_image_alt":"","footnotes":""},"categories":[78,54],"tags":[],"class_list":["post-114488","post","type-post","status-publish","format-standard","hentry","category-economie","category-maroc"],"_links":{"self":[{"href":"https:\/\/linitiative.ca\/International\/wp-json\/wp\/v2\/posts\/114488","targetHints":{"allow":["GET"]}}],"collection":[{"href":"https:\/\/linitiative.ca\/International\/wp-json\/wp\/v2\/posts"}],"about":[{"href":"https:\/\/linitiative.ca\/International\/wp-json\/wp\/v2\/types\/post"}],"author":[{"embeddable":true,"href":"https:\/\/linitiative.ca\/International\/wp-json\/wp\/v2\/users\/1763"}],"replies":[{"embeddable":true,"href":"https:\/\/linitiative.ca\/International\/wp-json\/wp\/v2\/comments?post=114488"}],"version-history":[{"count":0,"href":"https:\/\/linitiative.ca\/International\/wp-json\/wp\/v2\/posts\/114488\/revisions"}],"wp:attachment":[{"href":"https:\/\/linitiative.ca\/International\/wp-json\/wp\/v2\/media?parent=114488"}],"wp:term":[{"taxonomy":"category","embeddable":true,"href":"https:\/\/linitiative.ca\/International\/wp-json\/wp\/v2\/categories?post=114488"},{"taxonomy":"post_tag","embeddable":true,"href":"https:\/\/linitiative.ca\/International\/wp-json\/wp\/v2\/tags?post=114488"}],"curies":[{"name":"wp","href":"https:\/\/api.w.org\/{rel}","templated":true}]}}