{"id":114490,"date":"2021-04-07T12:38:02","date_gmt":"2021-04-07T16:38:02","guid":{"rendered":"https:\/\/linitiative.ca\/International\/comment-marjane-veut-developper-son-sourcing-local\/"},"modified":"2021-04-07T12:38:02","modified_gmt":"2021-04-07T16:38:02","slug":"comment-marjane-veut-developper-son-sourcing-local","status":"publish","type":"post","link":"https:\/\/linitiative.ca\/International\/comment-marjane-veut-developper-son-sourcing-local\/","title":{"rendered":"Comment Marjane veut d\u00e9velopper son sourcing local"},"content":{"rendered":"<p class=\"rtejustify\">Marjane Holding entend d\u00e9velopper son approvisionnement aupr\u00e8s des industriels locaux. Le Groupe vient de conclure deux conventions de partenariat, ce mercredi, avec la F\u00e9d\u00e9ration nationale de l\u2019agroalimentaire (FENAGRI) et l\u2019Association marocaine des industries du textile et de l\u2019habillement (AMITH), en pr\u00e9sence du ministre de l&rsquo;Industrie, du Commerce, de l&rsquo;Economie verte et num\u00e9rique, Moulay Hafid Elalamy,\u00a0afin de d\u00e9velopper le sourcing aupr\u00e8s des industriels nationaux.<\/p>\n<p class=\"rtejustify\">Sur le textile, Marjane adaptera ainsi sa politique achat pour le d\u00e9veloppement et l\u2019accompagnement des fabricants nationaux et mettra \u00e0 leur disposition les moyens logistiques pour assurer une pr\u00e9sence de leurs produits sur l\u2019ensemble du parc des magasins hyper, indique-t-on. Le Groupe initiera, en outre, un plan annuel de d\u00e9veloppement du sourcing local aupr\u00e8s des fabricants nationaux du secteur textile, avec les sp\u00e9cifications techniques demand\u00e9es et les quantit\u00e9s cibl\u00e9es par produit. Il travaillera par ailleurs avec les fabricants pour d\u00e9velopper les collections (printemps-\u00e9t\u00e9 et automne-hiver) r\u00e9pondants aux besoins du march\u00e9 marocain.<\/p>\n<p class=\"rtejustify\">Ce n\u2019est pas tout : l\u2019AMITH s\u2019engage, de son c\u00f4t\u00e9, \u00e0 diffuser, aupr\u00e8s des fabricants nationaux, le plan annuel de d\u00e9veloppement du sourcing local de Marjane, et \u00e0 identifier les op\u00e9rateurs des diff\u00e9rentes fili\u00e8res du secteur \u00e0 m\u00eame de r\u00e9pondre aux besoins de la Holding. L\u2019association devra \u00e9galement prospecter aupr\u00e8s des fabricants nationaux de nouveaux segments de produits textiles \u00e0 proposer \u00e0 Marjane afin d\u2019enrichir son sourcing local.<\/p>\n<p class=\"rtejustify\">Dans le domaine de l\u2019agroalimentaire, le Holding favorisera le \u00ab\u00a0Made in Morocco\u00a0\u00bb\u00a0et informera les fabricants locaux sur ses besoins (quantit\u00e9s, cahiers des charges, planning de livraison, etc.). Dans ce sens, la FENAGRI va \u00e9tablir une liste des entreprises industrielles du secteur par produit pouvant r\u00e9pondre aux appels d\u2019offres de Marjane, en concertation avec le minist\u00e8re de l\u2019Industrie. Cette liste sera d\u2019ailleurs mise \u00e0 jour et communiqu\u00e9e p\u00e9riodiquement aux deux partenaires.\u00a0<\/p>\n<p class=\"rtejustify\">Par ailleurs, la FENAGRI d\u00e9ploiera un programme de communication et de sensibilisation aupr\u00e8s des entreprises du secteur afin de les inciter \u00e0 \u00ab\u00a0entreprendre les efforts n\u00e9cessaires pour respecter le cahier des charges de Marjane en pr\u00e9sentant une offre diversifi\u00e9e et satisfaisante en termes de qualit\u00e9 et de prix\u00a0\u00bb.<\/p>\n<p>Auteur: hgueye<br \/>\n<a href=\"https:\/\/www.leconomiste.com\/flash-infos\/comment-marjane-veut-developper-son-sourcing-local\">Cliquez ici pour lire l&rsquo;article depuis sa source.<\/a><\/p>\n","protected":false},"excerpt":{"rendered":"<p>Marjane Holding entend d\u00e9velopper son approvisionnement aupr\u00e8s des industriels locaux. Le Groupe vient de conclure deux conventions de partenariat, ce mercredi, avec la F\u00e9d\u00e9ration nationale de l\u2019agroalimentaire (FENAGRI) et l\u2019Association marocaine des industries du textile et de l\u2019habillement (AMITH), en pr\u00e9sence du ministre de l&rsquo;Industrie, du Commerce, de l&rsquo;Economie verte et num\u00e9rique, Moulay Hafid Elalamy,\u00a0afin [&hellip;]<\/p>\n","protected":false},"author":1763,"featured_media":0,"comment_status":"closed","ping_status":"closed","sticky":false,"template":"","format":"standard","meta":{"fifu_image_url":"","fifu_image_alt":"","footnotes":""},"categories":[78,54],"tags":[],"class_list":["post-114490","post","type-post","status-publish","format-standard","hentry","category-economie","category-maroc"],"_links":{"self":[{"href":"https:\/\/linitiative.ca\/International\/wp-json\/wp\/v2\/posts\/114490","targetHints":{"allow":["GET"]}}],"collection":[{"href":"https:\/\/linitiative.ca\/International\/wp-json\/wp\/v2\/posts"}],"about":[{"href":"https:\/\/linitiative.ca\/International\/wp-json\/wp\/v2\/types\/post"}],"author":[{"embeddable":true,"href":"https:\/\/linitiative.ca\/International\/wp-json\/wp\/v2\/users\/1763"}],"replies":[{"embeddable":true,"href":"https:\/\/linitiative.ca\/International\/wp-json\/wp\/v2\/comments?post=114490"}],"version-history":[{"count":0,"href":"https:\/\/linitiative.ca\/International\/wp-json\/wp\/v2\/posts\/114490\/revisions"}],"wp:attachment":[{"href":"https:\/\/linitiative.ca\/International\/wp-json\/wp\/v2\/media?parent=114490"}],"wp:term":[{"taxonomy":"category","embeddable":true,"href":"https:\/\/linitiative.ca\/International\/wp-json\/wp\/v2\/categories?post=114490"},{"taxonomy":"post_tag","embeddable":true,"href":"https:\/\/linitiative.ca\/International\/wp-json\/wp\/v2\/tags?post=114490"}],"curies":[{"name":"wp","href":"https:\/\/api.w.org\/{rel}","templated":true}]}}