{"id":114491,"date":"2021-04-07T13:11:41","date_gmt":"2021-04-07T17:11:41","guid":{"rendered":"https:\/\/linitiative.ca\/International\/covid19-plus-de-4-millions-de-personnes-ont-recu-leur-2e-dose-du-vaccin\/"},"modified":"2021-04-07T13:11:41","modified_gmt":"2021-04-07T17:11:41","slug":"covid19-plus-de-4-millions-de-personnes-ont-recu-leur-2e-dose-du-vaccin","status":"publish","type":"post","link":"https:\/\/linitiative.ca\/International\/covid19-plus-de-4-millions-de-personnes-ont-recu-leur-2e-dose-du-vaccin\/","title":{"rendered":"Covid19: Plus de 4 millions de personnes ont re\u00e7u leur 2e dose du vaccin"},"content":{"rendered":"<p class=\"rtejustify\">Un total de 663 nouveaux cas d&rsquo;infection au coronavirus et de 641 gu\u00e9risons a \u00e9t\u00e9 enregistr\u00e9 au cours des derni\u00e8res 24 heures au Maroc, a annonc\u00e9 ce mercredi\u00a0le minist\u00e8re de la Sant\u00e9. Le nombre des personnes qui ont \u00e9t\u00e9 vaccin\u00e9es \u00e0 ce jour (dose 1) a atteint 4.410.023, alors que\u00a04.038.083 personnes ont re\u00e7u la deuxi\u00e8me dose du vaccin, a pr\u00e9cis\u00e9 le minist\u00e8re dans son bulletin quotidien sur la situation de la Covid-19. Au total, plus de 72.000 vaccinations ont \u00e9t\u00e9 r\u00e9alis\u00e9es lors des derni\u00e8res 24 heures. 13.782 nouveaux tests ont \u00e9t\u00e9 r\u00e9alis\u00e9s.<\/p>\n<p class=\"rtejustify\">Le nouveau bilan porte \u00e0\u00a0499.688 le nombre total des contaminations depuis le premier cas signal\u00e9 en mars 2020, tandis que le nombre des personnes r\u00e9tablies est pass\u00e9 \u00e0 486.349, avec les\u00a0641 nouvelles gu\u00e9risons recens\u00e9es en 24 heures, soit un taux de 97,3%. Le nombre total des d\u00e9c\u00e8s est pass\u00e9 \u00e0 8.867, avec 2 morts enregistr\u00e9s durant les derni\u00e8res 24 heures (taux de l\u00e9talit\u00e9 de 1,8%). Quant au nombre de cas actifs, il s&rsquo;\u00e9l\u00e8ve \u00e0 6.472, alors que les cas s\u00e9v\u00e8res ou critiques atteignent 454, dont 20 plac\u00e9s sous intubation.<\/p>\n<blockquote readability=\"4.75\">\n<p class=\"rtejustify\"><strong>Pour plus de d\u00e9tails, voir l&rsquo;\u00e9volution en temps r\u00e9el de l&rsquo;\u00e9pid\u00e9mie sur <a href=\"https:\/\/www.leconomiste.com\/covid19\/\">https:\/\/www.leconomiste.com\/covid19\/<\/a><\/strong><\/p>\n<\/blockquote>\n<p>Auteur: hgueye<br \/>\n<a href=\"https:\/\/www.leconomiste.com\/flash-infos\/covid19-millions-de-vaccines\">Cliquez ici pour lire l&rsquo;article depuis sa source.<\/a><\/p>\n","protected":false},"excerpt":{"rendered":"<p>Un total de 663 nouveaux cas d&rsquo;infection au coronavirus et de 641 gu\u00e9risons a \u00e9t\u00e9 enregistr\u00e9 au cours des derni\u00e8res 24 heures au Maroc, a annonc\u00e9 ce mercredi\u00a0le minist\u00e8re de la Sant\u00e9. Le nombre des personnes qui ont \u00e9t\u00e9 vaccin\u00e9es \u00e0 ce jour (dose 1) a atteint 4.410.023, alors que\u00a04.038.083 personnes ont re\u00e7u la deuxi\u00e8me [&hellip;]<\/p>\n","protected":false},"author":1763,"featured_media":0,"comment_status":"closed","ping_status":"closed","sticky":false,"template":"","format":"standard","meta":{"fifu_image_url":"","fifu_image_alt":"","footnotes":""},"categories":[78,54],"tags":[],"class_list":["post-114491","post","type-post","status-publish","format-standard","hentry","category-economie","category-maroc"],"_links":{"self":[{"href":"https:\/\/linitiative.ca\/International\/wp-json\/wp\/v2\/posts\/114491","targetHints":{"allow":["GET"]}}],"collection":[{"href":"https:\/\/linitiative.ca\/International\/wp-json\/wp\/v2\/posts"}],"about":[{"href":"https:\/\/linitiative.ca\/International\/wp-json\/wp\/v2\/types\/post"}],"author":[{"embeddable":true,"href":"https:\/\/linitiative.ca\/International\/wp-json\/wp\/v2\/users\/1763"}],"replies":[{"embeddable":true,"href":"https:\/\/linitiative.ca\/International\/wp-json\/wp\/v2\/comments?post=114491"}],"version-history":[{"count":0,"href":"https:\/\/linitiative.ca\/International\/wp-json\/wp\/v2\/posts\/114491\/revisions"}],"wp:attachment":[{"href":"https:\/\/linitiative.ca\/International\/wp-json\/wp\/v2\/media?parent=114491"}],"wp:term":[{"taxonomy":"category","embeddable":true,"href":"https:\/\/linitiative.ca\/International\/wp-json\/wp\/v2\/categories?post=114491"},{"taxonomy":"post_tag","embeddable":true,"href":"https:\/\/linitiative.ca\/International\/wp-json\/wp\/v2\/tags?post=114491"}],"curies":[{"name":"wp","href":"https:\/\/api.w.org\/{rel}","templated":true}]}}