{"id":114492,"date":"2021-04-07T15:14:28","date_gmt":"2021-04-07T19:14:28","guid":{"rendered":"https:\/\/linitiative.ca\/International\/equipe-dalgerie-classement-fifa-lalgerie-perd-deux-places-33e\/"},"modified":"2021-04-07T15:14:28","modified_gmt":"2021-04-07T19:14:28","slug":"equipe-dalgerie-classement-fifa-lalgerie-perd-deux-places-33e","status":"publish","type":"post","link":"https:\/\/linitiative.ca\/International\/equipe-dalgerie-classement-fifa-lalgerie-perd-deux-places-33e\/","title":{"rendered":"Equipe d&rsquo;Alg\u00e9rie : Classement Fifa : l&rsquo;Alg\u00e9rie perd deux places (33e)"},"content":{"rendered":"<div readability=\"32\">\n<p>Auteur : <span>APS<\/span> <span class=\"time\">mercredi 07 avril 2021 15:57<\/span><\/p>\n<\/div>\n<div id=\"post_core\" readability=\"54\">\n<p>La s\u00e9lection alg\u00e9rienne de football a perdu deux places (33e) au classement de la F\u00e9d\u00e9ration internationale (Fifa), dont l&rsquo;\u00e9dition du mois de mars a \u00e9t\u00e9 publi\u00e9e mercredi. Sur le plan continental, l\u2019Alg\u00e9rie a recul\u00e9 d&rsquo;une place, pour se retrouver \u00e0 la 4e position, devanc\u00e9e par le S\u00e9n\u00e9gal (22e, -2), la Tunisie (26e), et le Nigeria (32e, +4). Qualifi\u00e9e pour la Coupe d\u2019Afrique des nations CAN-2021, report\u00e9e \u00e0 2022 au Cameroun, l\u2019\u00e9quipe nationale reprendra du service en juin prochain, avec le d\u00e9but du 2e tour \u00e9liminatoire de la Coupe du monde 2022 au Qatar. Les deux premiers adversaires des \u00ab\u00a0Verts\u00a0\u00bb dans ces \u00e9liminatoires : \u00e0 domicile face au Djibouti (5-8 juin) et en d\u00e9placement face au Burkina Faso (11-14 juin), occupent respectivement la 183e (+1) et la 60e place (-2). Le Niger, l&rsquo;autre adversaire de l&rsquo;Alg\u00e9rie dans ces \u00e9liminatoires, a gagn\u00e9 une place (112e). Dans le haut du classement, la Belgique est toujours en t\u00eate, devant la France, et le Br\u00e9sil. Les six premi\u00e8res places restent inchang\u00e9es. La progression la plus notable dans le Top 10 est \u00e0 mettre \u00e0 l&rsquo;actif de l&rsquo;Italie (7e, +3). Le Danemark a int\u00e9gr\u00e9 le Top 10 pour occuper la 10e place (+2) aux d\u00e9pens du Mexique (11e, -2).<\/p>\n<p><strong>Publi\u00e9 dans :<\/strong> <span>algerie<\/span><\/p>\n<\/div>\n<p>Auteur:<br \/>\n<a href=\"http:\/\/www.lebuteur.com\/article\/detail?titre=classement-fifa-lalgerie-perd-deux-places-33e&#038;id=99645&#038;utm_source=feedburner&#038;utm_medium=feed&#038;utm_campaign=Feed%3A+GalerieFArtciles+%28Les+derniers+articles++-+lebuteur.com%29\">Cliquez ici pour lire l&rsquo;article depuis sa source.<\/a><\/p>\n","protected":false},"excerpt":{"rendered":"<p>Auteur : APS mercredi 07 avril 2021 15:57 La s\u00e9lection alg\u00e9rienne de football a perdu deux places (33e) au classement de la F\u00e9d\u00e9ration internationale (Fifa), dont l&rsquo;\u00e9dition du mois de mars a \u00e9t\u00e9 publi\u00e9e mercredi. Sur le plan continental, l\u2019Alg\u00e9rie a recul\u00e9 d&rsquo;une place, pour se retrouver \u00e0 la 4e position, devanc\u00e9e par le S\u00e9n\u00e9gal [&hellip;]<\/p>\n","protected":false},"author":1738,"featured_media":0,"comment_status":"closed","ping_status":"closed","sticky":false,"template":"","format":"standard","meta":{"fifu_image_url":"\/\/cdn.lebuteur.com\/data\/images\/article\/thumbs\/large-classement-fifa-lalgerie-perd-deux-places-33e-b0ee9.jpg","fifu_image_alt":"Equipe d'Alg\u00e9rie : Classement Fifa : l'Alg\u00e9rie perd deux places (33e)","footnotes":""},"categories":[53,75],"tags":[],"class_list":["post-114492","post","type-post","status-publish","format-standard","hentry","category-algerie","category-sport"],"_links":{"self":[{"href":"https:\/\/linitiative.ca\/International\/wp-json\/wp\/v2\/posts\/114492","targetHints":{"allow":["GET"]}}],"collection":[{"href":"https:\/\/linitiative.ca\/International\/wp-json\/wp\/v2\/posts"}],"about":[{"href":"https:\/\/linitiative.ca\/International\/wp-json\/wp\/v2\/types\/post"}],"author":[{"embeddable":true,"href":"https:\/\/linitiative.ca\/International\/wp-json\/wp\/v2\/users\/1738"}],"replies":[{"embeddable":true,"href":"https:\/\/linitiative.ca\/International\/wp-json\/wp\/v2\/comments?post=114492"}],"version-history":[{"count":0,"href":"https:\/\/linitiative.ca\/International\/wp-json\/wp\/v2\/posts\/114492\/revisions"}],"wp:attachment":[{"href":"https:\/\/linitiative.ca\/International\/wp-json\/wp\/v2\/media?parent=114492"}],"wp:term":[{"taxonomy":"category","embeddable":true,"href":"https:\/\/linitiative.ca\/International\/wp-json\/wp\/v2\/categories?post=114492"},{"taxonomy":"post_tag","embeddable":true,"href":"https:\/\/linitiative.ca\/International\/wp-json\/wp\/v2\/tags?post=114492"}],"curies":[{"name":"wp","href":"https:\/\/api.w.org\/{rel}","templated":true}]}}