{"id":114493,"date":"2021-04-07T15:14:33","date_gmt":"2021-04-07T19:14:33","guid":{"rendered":"https:\/\/linitiative.ca\/International\/international-arsenal-carragher-tacle-pepe-et-aubameyang\/"},"modified":"2021-04-07T15:14:33","modified_gmt":"2021-04-07T19:14:33","slug":"international-arsenal-carragher-tacle-pepe-et-aubameyang","status":"publish","type":"post","link":"https:\/\/linitiative.ca\/International\/international-arsenal-carragher-tacle-pepe-et-aubameyang\/","title":{"rendered":"International : Arsenal : Carragher tacle P\u00e9p\u00e9 et Aubameyang"},"content":{"rendered":"<div readability=\"32\">\n<p>Auteur : <span class=\"time\">mercredi 07 avril 2021 16:00<\/span><\/p>\n<\/div>\n<div id=\"post_core\" readability=\"44\">\n<p>\u00ab\u00a0Nicolas P\u00e9p\u00e9, le probl\u00e8me avec lui n&rsquo;est pas l&rsquo;\u00e2ge ou le prix, il n&rsquo;est tout simplement pas assez bon. Il ne sera jamais assez bon, a tacl\u00e9 l\u2019ancien joueur de Liverpool pour Sky Sports. Aubameyang, c&rsquo;est la superstar, mais je pense que c&rsquo;est un paresseux. C&rsquo;est un joueur qui, s&rsquo;il ne marque pas, n&rsquo;apporte rien \u00e0 l\u2019\u00e9quipe.\u00a0\u00bb Des propos rapport\u00e9s par Maxifoot.<\/p>\n<p><strong>Publi\u00e9 dans :<\/strong> <span>pepe<\/span> <span>Aubameyang<\/span> <span>Arsenal : Carragher<\/span><\/p>\n<\/div>\n<p>Auteur:<br \/>\n<a href=\"http:\/\/www.lebuteur.com\/article\/detail?titre=arsenal-carragher-tacle-pepe-et-aubameyang&#038;id=99646&#038;utm_source=feedburner&#038;utm_medium=feed&#038;utm_campaign=Feed%3A+GalerieFArtciles+%28Les+derniers+articles++-+lebuteur.com%29\">Cliquez ici pour lire l&rsquo;article depuis sa source.<\/a><\/p>\n","protected":false},"excerpt":{"rendered":"<p>Auteur : mercredi 07 avril 2021 16:00 \u00ab\u00a0Nicolas P\u00e9p\u00e9, le probl\u00e8me avec lui n&rsquo;est pas l&rsquo;\u00e2ge ou le prix, il n&rsquo;est tout simplement pas assez bon. Il ne sera jamais assez bon, a tacl\u00e9 l\u2019ancien joueur de Liverpool pour Sky Sports. Aubameyang, c&rsquo;est la superstar, mais je pense que c&rsquo;est un paresseux. C&rsquo;est un joueur [&hellip;]<\/p>\n","protected":false},"author":1738,"featured_media":0,"comment_status":"closed","ping_status":"closed","sticky":false,"template":"","format":"standard","meta":{"fifu_image_url":"\/\/cdn.lebuteur.com\/data\/images\/article\/thumbs\/large-99646arsenal-carragher-tacle-pepe-et-aubameyang-3f0b6.jpg","fifu_image_alt":"International : Arsenal : Carragher tacle P\u00e9p\u00e9 et Aubameyang","footnotes":""},"categories":[53,75],"tags":[],"class_list":["post-114493","post","type-post","status-publish","format-standard","hentry","category-algerie","category-sport"],"_links":{"self":[{"href":"https:\/\/linitiative.ca\/International\/wp-json\/wp\/v2\/posts\/114493","targetHints":{"allow":["GET"]}}],"collection":[{"href":"https:\/\/linitiative.ca\/International\/wp-json\/wp\/v2\/posts"}],"about":[{"href":"https:\/\/linitiative.ca\/International\/wp-json\/wp\/v2\/types\/post"}],"author":[{"embeddable":true,"href":"https:\/\/linitiative.ca\/International\/wp-json\/wp\/v2\/users\/1738"}],"replies":[{"embeddable":true,"href":"https:\/\/linitiative.ca\/International\/wp-json\/wp\/v2\/comments?post=114493"}],"version-history":[{"count":0,"href":"https:\/\/linitiative.ca\/International\/wp-json\/wp\/v2\/posts\/114493\/revisions"}],"wp:attachment":[{"href":"https:\/\/linitiative.ca\/International\/wp-json\/wp\/v2\/media?parent=114493"}],"wp:term":[{"taxonomy":"category","embeddable":true,"href":"https:\/\/linitiative.ca\/International\/wp-json\/wp\/v2\/categories?post=114493"},{"taxonomy":"post_tag","embeddable":true,"href":"https:\/\/linitiative.ca\/International\/wp-json\/wp\/v2\/tags?post=114493"}],"curies":[{"name":"wp","href":"https:\/\/api.w.org\/{rel}","templated":true}]}}