{"id":114494,"date":"2021-04-07T15:14:37","date_gmt":"2021-04-07T19:14:37","guid":{"rendered":"https:\/\/linitiative.ca\/International\/international-liverpool-klopp-sexplique-pour-keita\/"},"modified":"2021-04-07T15:14:37","modified_gmt":"2021-04-07T19:14:37","slug":"international-liverpool-klopp-sexplique-pour-keita","status":"publish","type":"post","link":"https:\/\/linitiative.ca\/International\/international-liverpool-klopp-sexplique-pour-keita\/","title":{"rendered":"International : Liverpool : Klopp s\u2019explique pour Keita"},"content":{"rendered":"<div readability=\"32\">\n<p>Auteur : <span class=\"time\">mercredi 07 avril 2021 16:30<\/span><\/p>\n<\/div>\n<div id=\"post_core\" readability=\"48\">\n<p>Alors que certains parlent d\u2019une humiliation pour le milieu guin\u00e9en, l\u2019entra\u00eeneur des Reds, J\u00fcrgen Klopp, a justifi\u00e9 son choix.<\/p>\n<p>\u00ab\u00a0C\u2019\u00e9tait tactique. C\u2019est le genre de choses que je n\u2019aime pas dans le m\u00e9tier d\u2019entra\u00eeneur, parce que vous faites un tel changement et on a l\u2019impression que le joueur est responsable de la performance de l\u2019\u00e9quipe en premi\u00e8re p\u00e9riode. Naby n\u2019est pas responsable. Il n\u2019avait pas jou\u00e9 depuis un moment, n\u2019avait pas d\u00e9but\u00e9 de match depuis un moment, et il n\u2019\u00e9tait pas dans un grand soir, mais \u00e0 ce moment-l\u00e0 j\u2019aurais pu faire plus de changements\u00a0\u00bb, a d\u00e9clar\u00e9 le coach allemand face \u00e0 la presse rapporte Maxifoot.<\/p>\n<p><strong>Publi\u00e9 dans :<\/strong> <span>Keita<\/span> <span>Liverpool : Klopp<\/span><\/p>\n<\/div>\n<p>Auteur:<br \/>\n<a href=\"http:\/\/www.lebuteur.com\/article\/detail?titre=liverpool-klopp-sexplique-pour-keita&#038;id=99647&#038;utm_source=feedburner&#038;utm_medium=feed&#038;utm_campaign=Feed%3A+GalerieFArtciles+%28Les+derniers+articles++-+lebuteur.com%29\">Cliquez ici pour lire l&rsquo;article depuis sa source.<\/a><\/p>\n","protected":false},"excerpt":{"rendered":"<p>Auteur : mercredi 07 avril 2021 16:30 Alors que certains parlent d\u2019une humiliation pour le milieu guin\u00e9en, l\u2019entra\u00eeneur des Reds, J\u00fcrgen Klopp, a justifi\u00e9 son choix. \u00ab\u00a0C\u2019\u00e9tait tactique. C\u2019est le genre de choses que je n\u2019aime pas dans le m\u00e9tier d\u2019entra\u00eeneur, parce que vous faites un tel changement et on a l\u2019impression que le joueur [&hellip;]<\/p>\n","protected":false},"author":1738,"featured_media":0,"comment_status":"closed","ping_status":"closed","sticky":false,"template":"","format":"standard","meta":{"fifu_image_url":"\/\/cdn.lebuteur.com\/data\/images\/article\/thumbs\/large-99647liverpool-klopp-sexplique-pour-keita-85119.jpg","fifu_image_alt":"International : Liverpool : Klopp s\u2019explique pour Keita","footnotes":""},"categories":[53,75],"tags":[],"class_list":["post-114494","post","type-post","status-publish","format-standard","hentry","category-algerie","category-sport"],"_links":{"self":[{"href":"https:\/\/linitiative.ca\/International\/wp-json\/wp\/v2\/posts\/114494","targetHints":{"allow":["GET"]}}],"collection":[{"href":"https:\/\/linitiative.ca\/International\/wp-json\/wp\/v2\/posts"}],"about":[{"href":"https:\/\/linitiative.ca\/International\/wp-json\/wp\/v2\/types\/post"}],"author":[{"embeddable":true,"href":"https:\/\/linitiative.ca\/International\/wp-json\/wp\/v2\/users\/1738"}],"replies":[{"embeddable":true,"href":"https:\/\/linitiative.ca\/International\/wp-json\/wp\/v2\/comments?post=114494"}],"version-history":[{"count":0,"href":"https:\/\/linitiative.ca\/International\/wp-json\/wp\/v2\/posts\/114494\/revisions"}],"wp:attachment":[{"href":"https:\/\/linitiative.ca\/International\/wp-json\/wp\/v2\/media?parent=114494"}],"wp:term":[{"taxonomy":"category","embeddable":true,"href":"https:\/\/linitiative.ca\/International\/wp-json\/wp\/v2\/categories?post=114494"},{"taxonomy":"post_tag","embeddable":true,"href":"https:\/\/linitiative.ca\/International\/wp-json\/wp\/v2\/tags?post=114494"}],"curies":[{"name":"wp","href":"https:\/\/api.w.org\/{rel}","templated":true}]}}