{"id":114495,"date":"2021-04-07T15:14:41","date_gmt":"2021-04-07T19:14:41","guid":{"rendered":"https:\/\/linitiative.ca\/International\/afrique-trois-internationaux-algeriens-nomines-pour-le-prix-marc-vivien-foe\/"},"modified":"2021-04-07T15:14:41","modified_gmt":"2021-04-07T19:14:41","slug":"afrique-trois-internationaux-algeriens-nomines-pour-le-prix-marc-vivien-foe","status":"publish","type":"post","link":"https:\/\/linitiative.ca\/International\/afrique-trois-internationaux-algeriens-nomines-pour-le-prix-marc-vivien-foe\/","title":{"rendered":"Afrique : Trois internationaux alg\u00e9riens nomin\u00e9s pour le prix Marc-Vivien Fo\u00e9"},"content":{"rendered":"<div readability=\"32\">\n<p>Auteur : <span class=\"time\">mercredi 07 avril 2021 19:59<\/span><\/p>\n<\/div>\n<div id=\"post_core\" readability=\"55\">\n<p>Apr\u00e8s le vote d\u2019un comit\u00e9 de journalistes, le podium sera d\u00e9voil\u00e9 le 29 avril prochain comme l&rsquo;indique Football.<\/p>\n<p>Pour succ\u00e9der \u00e0 Victor Osimhen, on retrouve notamment trois internationaux alg\u00e9riens \u00e0 savoir Andy Delort, auteur de 10 buts et 8 passes d\u00e9cisives avec Montpellier, Farid Boulaya et Alexandre Oukidja pour leur tr\u00e8s belle saison avec le FC Metz.<\/p>\n<p><strong>La liste des 11 nomm\u00e9s :<\/strong> Nayef Aguerd (Rennes \/ Maroc), Farid Boulaya (Metz \/ Alg\u00e9rie), Andy Delort (Montpellier \/ Alg\u00e9rie), Boulaye Dia (Reims \/ S\u00e9n\u00e9gal), Seko Fofana (Lens \/ C\u00f4te d\u2019Ivoire), Idrissa Gueye (Paris \/ S\u00e9n\u00e9gal), Tino Kadewere (OL \/ Zimbabwe), Ga\u00ebl Kakuta (Lens \/ RD Congo), Alexandre Oukidja (Metz \/ Alg\u00e9rie), Reinildo Mandava (Lille \/ Mozambique) et Karl Toko Ekambi (OL \/ Cameroun).<\/p>\n<p><strong>Publi\u00e9 dans :<\/strong> <span>algerie<\/span><\/p>\n<\/div>\n<p>Auteur:<br \/>\n<a href=\"http:\/\/www.lebuteur.com\/article\/detail?titre=trois-internationaux-algeriens-nomines-pour-le-prix-marc-vivien-foe&#038;id=99648&#038;utm_source=feedburner&#038;utm_medium=feed&#038;utm_campaign=Feed%3A+GalerieFArtciles+%28Les+derniers+articles++-+lebuteur.com%29\">Cliquez ici pour lire l&rsquo;article depuis sa source.<\/a><\/p>\n","protected":false},"excerpt":{"rendered":"<p>Auteur : mercredi 07 avril 2021 19:59 Apr\u00e8s le vote d\u2019un comit\u00e9 de journalistes, le podium sera d\u00e9voil\u00e9 le 29 avril prochain comme l&rsquo;indique Football. Pour succ\u00e9der \u00e0 Victor Osimhen, on retrouve notamment trois internationaux alg\u00e9riens \u00e0 savoir Andy Delort, auteur de 10 buts et 8 passes d\u00e9cisives avec Montpellier, Farid Boulaya et Alexandre Oukidja [&hellip;]<\/p>\n","protected":false},"author":1738,"featured_media":0,"comment_status":"closed","ping_status":"closed","sticky":false,"template":"","format":"standard","meta":{"fifu_image_url":"\/\/cdn.lebuteur.com\/data\/images\/article\/thumbs\/large-trois-internationaux-algeriens-nomines-pour-le-prix-marc-vivien-foe-a8060.jpg","fifu_image_alt":"Afrique : Trois internationaux alg\u00e9riens nomin\u00e9s pour le prix Marc-Vivien Fo\u00e9","footnotes":""},"categories":[53,75],"tags":[],"class_list":["post-114495","post","type-post","status-publish","format-standard","hentry","category-algerie","category-sport"],"_links":{"self":[{"href":"https:\/\/linitiative.ca\/International\/wp-json\/wp\/v2\/posts\/114495","targetHints":{"allow":["GET"]}}],"collection":[{"href":"https:\/\/linitiative.ca\/International\/wp-json\/wp\/v2\/posts"}],"about":[{"href":"https:\/\/linitiative.ca\/International\/wp-json\/wp\/v2\/types\/post"}],"author":[{"embeddable":true,"href":"https:\/\/linitiative.ca\/International\/wp-json\/wp\/v2\/users\/1738"}],"replies":[{"embeddable":true,"href":"https:\/\/linitiative.ca\/International\/wp-json\/wp\/v2\/comments?post=114495"}],"version-history":[{"count":0,"href":"https:\/\/linitiative.ca\/International\/wp-json\/wp\/v2\/posts\/114495\/revisions"}],"wp:attachment":[{"href":"https:\/\/linitiative.ca\/International\/wp-json\/wp\/v2\/media?parent=114495"}],"wp:term":[{"taxonomy":"category","embeddable":true,"href":"https:\/\/linitiative.ca\/International\/wp-json\/wp\/v2\/categories?post=114495"},{"taxonomy":"post_tag","embeddable":true,"href":"https:\/\/linitiative.ca\/International\/wp-json\/wp\/v2\/tags?post=114495"}],"curies":[{"name":"wp","href":"https:\/\/api.w.org\/{rel}","templated":true}]}}