{"id":114497,"date":"2021-04-07T05:10:00","date_gmt":"2021-04-07T09:10:00","guid":{"rendered":"https:\/\/linitiative.ca\/International\/othman-kechrid-de-linstituteur-au-ministre-de-linterieur-une-belle-carriere-bien-meritee-album-photos\/"},"modified":"2021-04-07T05:10:00","modified_gmt":"2021-04-07T09:10:00","slug":"othman-kechrid-de-linstituteur-au-ministre-de-linterieur-une-belle-carriere-bien-meritee-album-photos","status":"publish","type":"post","link":"https:\/\/linitiative.ca\/International\/othman-kechrid-de-linstituteur-au-ministre-de-linterieur-une-belle-carriere-bien-meritee-album-photos\/","title":{"rendered":"Othman Kechrid: De l\u2019instituteur au ministre de l\u2019Int\u00e9rieur, une belle carri\u00e8re bien m\u00e9rit\u00e9e (Album photos)"},"content":{"rendered":"<p><em><span class=\"c2\"><strong><img decoding=\"async\" src=\"\/uploads\/FCK_files\/Mohamed-El-Jeri.jpg\" alt=\"\" width=\"20%\" vspace=\"5\" hspace=\"5\" align=\"left\"\/>Par Mohamed El Jeri &#8211;<\/strong><\/span><\/em> <strong>Je n\u2019ai pas eu la chance de conna\u00eetre de pr\u00e8s feu Othman Kechrid quand j\u2019ai entam\u00e9 ma carri\u00e8re en 1973. Il \u00e9tait d\u00e9j\u00e0 au sommet de la hi\u00e9rarchie des hautes fonctions administratives de l\u2019Etat. Ne pas le conna\u00eetre directement ne signifie nullement ne pas avoir une opinion de la personne. D\u2019abord j\u2019\u00e9tais son \u00e9l\u00e8ve au cycle sup\u00e9rieur de l\u2019ENA en 1971.<\/strong><\/p>\n<p>Directeur g\u00e9n\u00e9ral des Douanes \u00e0 l\u2019\u00e9poque, il nous enseignait le droit douanier. J\u2019\u00e9tais d\u00e9j\u00e0 impressionn\u00e9 par sa r\u00e9elle modestie et sa volont\u00e9 de d\u00e9passer le cadre d\u2019un cours technique souvent r\u00e9barbatif pour sensibiliser ses \u00e9l\u00e8ves, et futurs cadres de l\u2019\u00c9tat, sur la dimension \u00e9conomique et la port\u00e9e nationale de l\u2019activit\u00e9 douani\u00e8re en g\u00e9n\u00e9ral. Une fois au sein de l\u2019administration et en tant que jeunes cadres, nous \u00e9tions sensibles \u00e0 la r\u00e9putation des hauts responsables qui \u00e9taient par ailleurs nos chefs. Leur comp\u00e9tence, leur int\u00e9grit\u00e9, leur relation humaine \u00e9taient souvent le sujet de nos discussions. A tous ces niveaux et \u00e0 l\u2019instar de nombreux de ses coll\u00e8gues de l\u2019\u00e9poque, feu Othman Kechrid b\u00e9n\u00e9ficiait d\u2019une perception hautement positive. Les t\u00e9moignages ext\u00e9rieurs \u00e0 l\u2019Administration \u00e9taient \u00e0 leur tour aussi \u00e9logieux. Une telle opinion favorable et largement partag\u00e9e ne peut \u00eatre le r\u00e9sultat du hasard. Elle \u00e9tait acquise au fil des ann\u00e9es d\u2019une longue et riche carri\u00e8re au prix de la rectitude, de l\u2019effort, de la pers\u00e9v\u00e9rance et de l\u2019int\u00e9grit\u00e9.<\/p>\n<p>Fils d\u2019un homme cultiv\u00e9, feu Amor Kechrid, titulaire du certificat d\u2019\u00e9tudes en 1913 et instituteur en 1918, notre d\u00e9funt est n\u00e9 \u00e0 Kairouan le 26 juin 1920. Fid\u00e8le au cursus de son p\u00e8re, il devient \u00e0 son tour instituteur \u00e0 Testour en 1942 puis enseignant au cours compl\u00e9mentaire de Kairouan en 1944. Anim\u00e9 de la volont\u00e9 de toujours mieux faire et adepte de l\u2019effort continu, il ne peut se satisfaire de stagner \u00e0 ce niveau. Il s\u2019inscrit alors \u00e0 l\u2019Institut des hautes \u00e9tudes juridiques de l\u2019\u00e9poque, et ce parall\u00e8lement \u00e0 son activit\u00e9 d\u2019enseignant. Sa formation juridique lui permet de participer et de r\u00e9ussir au concours de recrutement des administrateurs de gouvernement en 1953.<\/p>\n<p>C\u2019est le premier fruit de l\u2019effort et le premier pas vers des horizons plus larges et des responsabilit\u00e9s plus importantes favoris\u00e9s par l\u2019av\u00e8nement de l\u2019ind\u00e9pendance le 20 mars 1956. Apr\u00e8s un bref passage au service du contr\u00f4le des d\u00e9penses, le jeune administrateur du gouvernement va appartenir \u00e0 la g\u00e9n\u00e9ration des cadres tunisiens qui ont eu la chance, le privil\u00e8ge et surtout la grande responsabilit\u00e9 d\u2019assurer la rel\u00e8ve des responsables fran\u00e7ais, de tunisifier l\u2019administration et la mettre au service du pays. Ainsi une belle carri\u00e8re commence en 1956 et s\u2019ach\u00e8ve, un quart de si\u00e8cle apr\u00e8s, aux c\u00f4t\u00e9s d\u2019un illustre homme d\u2019\u00c9tat, feu H\u00e9di Nouira.<\/p>\n<p>Nomm\u00e9 ministre des Finances le 14 avril 1956 dans le premier gouvernement de la Tunisie ind\u00e9pendante pr\u00e9sid\u00e9 par le leader Habib Bourguiba, feu H\u00e9di Nouira fait appel, deux jours apr\u00e8s, \u00e0 Si Othman et le choisit pour \u00eatre son chef de cabinet.<\/p>\n<p>La carri\u00e8re prend ainsi un grand tournant et les \u00e9tapes se succ\u00e8dent pour tirer le meilleur de cet homme. De hautes fonctions lui seront confi\u00e9es dont celles de :<\/p>\n<p class=\"c5\"><span class=\"c4\">\u2022<\/span> Pr\u00e9sident-directeur g\u00e9n\u00e9ral de l\u2019Office du commerce durant 5 ans, de 1962 \u00e0 1967<\/p>\n<p class=\"c5\"><span class=\"c4\">\u2022<\/span> Directeur g\u00e9n\u00e9ral des Douanes, de 1968 \u00e0 1973<\/p>\n<p>En 1973, il devient la cheville ouvri\u00e8re du minist\u00e8re de l\u2019Int\u00e9rieur avec sa nomination en tant que secr\u00e9taire g\u00e9n\u00e9ral de ce d\u00e9partement r\u00e9galien. Il atteint ainsi le sommet des fonctions administratives de l\u2019\u00c9tat. La confiance totale dont il b\u00e9n\u00e9ficiait aupr\u00e8s du Premier ministre et les qualit\u00e9s professionnelles, humaines et morales qui lui sont reconnues par tous, lui permettent d\u2019acc\u00e9der aux fonctions gouvernementales. Il a \u00e9t\u00e9 successivement nomm\u00e9:<\/p>\n<p class=\"c5\"><span class=\"c4\">\u2022<\/span> Ministre charg\u00e9 des relations avec l\u2019Assembl\u00e9e nationale, secr\u00e9taire g\u00e9n\u00e9ral du gouvernement en 1977,<\/p>\n<p class=\"c5\"><span class=\"c4\">\u2022<\/span> Ministre de l\u2019Int\u00e9rieur en 1979.<\/p>\n<p>La carri\u00e8re est \u00e9galement enrichie par d\u2019autres contributions dans plusieurs domaines dont notamment la pr\u00e9sidence de la R\u00e9publique comme conseiller technique, le Conseil \u00e9conomique et social comme membre actif pendant 15 ans, \u00e0 l\u2019ENA en tant qu\u2019enseignant qui a marqu\u00e9 ses \u00e9tudiants, futurs commis de l\u2018\u00c9tat, parce que Si Othman a \u00e9t\u00e9 un grand commis de l\u2019\u00c9tat.<\/p>\n<p>Le t\u00e9moignage que mon ami Mohamed Kilani a recueilli aupr\u00e8s de Ma\u00eetre Abdeljalil Bouraoui est autrement plus \u00e9difiant. L\u2019ancien b\u00e2tonnier qui commen\u00e7ait sa carri\u00e8re comme juriste \u00e0 l\u2019Office du commerce de Tunisie du temps du P.D.G. Othman Kechrid raconte : \u00abSi Othman nous impressionnait par sa passion pour le travail bien fait, sa rigueur et sa droiture. Lorsqu\u2019il effectuait une mission \u00e0 l\u2019\u00e9tranger, il r\u00e9digeait son rapport dans l\u2019avion et le confiait d\u00e8s son retour au bureau \u00e0 sa secr\u00e9taire, Mme Khedher, pour le dactylographier. Lorsqu\u2019il \u00e9courtait une mission \u00e0 l\u2019\u00e9tranger, il appelait le financier pour lui restituer les frais consid\u00e9r\u00e9s indus. Un jour, il pointe \u00e0 l\u2019entr\u00e9e de l\u2019office et aligne les retardataires pour leur infliger une rasade : celui qui vole le temps est assimil\u00e9 \u00e0 celui qui vole de l\u2019argent. Il n\u2019\u00e9tait pas mall\u00e9able quand il s\u2019agit d\u2019argent public, m\u00eame si certains dignitaires du r\u00e9gime cherchent \u00e0 user de leur pouvoir au-del\u00e0 des lignes convenues et des proc\u00e9dures rigoureuses. En un mot, Si Othman \u00e9tait un homme extraordinaire, un tr\u00e8s grand commis de l\u2019\u00c9tat.\u00bb<\/p>\n<p>Feu Othman Kechrid nous quitte, la mission accomplie, le devoir assum\u00e9. La conscience tranquille et le bilan hautement positif. En voici un bel exemple pour les g\u00e9n\u00e9rations d\u2019aujourd\u2019hui et de demain..<\/p>\n<p class=\"c7\"><strong>Mohamed El Jeri<\/strong><br \/><span class=\"c6\"><em>Ancien ministre<\/em><\/span><\/p>\n<p class=\"c8\"><strong>Lire aussi<\/strong><\/p>\n<p class=\"c8\"><a href=\"https:\/\/www.leaders.com.tn\/article\/31484-l-ancien-ministre-othman-kechrid-est-decede\" target=\"_blank\" rel=\"noopener\">L\u2019ancien ministre Othman Kechrid est d\u00e9c\u00e9d\u00e9<\/a><br \/><a href=\"https:\/\/www.leaders.com.tn\/article\/18925-othman-kechrid\" target=\"_blank\" rel=\"noopener\">Pourquoi Othman Kechrid, 95 ans, ancien ministre de l\u2019Int\u00e9rieur, a \u00e9t\u00e9 convoqu\u00e9 par la Garde nationale ?<\/a><br \/><a href=\"https:\/\/www.leaders.com.tn\/article\/2504-othman-kechrid-merci-dr-zmerli-de-nous-avoir-si-bien-restitue-le-parcours-du-dr-el-okbi\" target=\"_blank\" rel=\"noopener\">Othman Kechrid: Merci, Dr Zmerli, de nous avoir si bien restitu\u00e9 le parcours du Dr El Okbi<\/a><br \/>\u00a0<\/p>\n<p>Auteur:<br \/>\n<a href=\"https:\/\/www.leaders.com.tn\/article\/31682-othman-kechrid-de-l-instituteur-au-ministre-de-l-interieur-une-belle-carriere-bien-meritee\">Cliquez ici pour lire l&rsquo;article depuis sa source.<\/a><\/p>\n","protected":false},"excerpt":{"rendered":"<p>Par Mohamed El Jeri &#8211; Je n\u2019ai pas eu la chance de conna\u00eetre de pr\u00e8s feu Othman Kechrid quand j\u2019ai entam\u00e9 ma carri\u00e8re en 1973. Il \u00e9tait d\u00e9j\u00e0 au sommet de la hi\u00e9rarchie des hautes fonctions administratives de l\u2019Etat. Ne pas le conna\u00eetre directement ne signifie nullement ne pas avoir une opinion de la personne. [&hellip;]<\/p>\n","protected":false},"author":1772,"featured_media":0,"comment_status":"closed","ping_status":"closed","sticky":false,"template":"","format":"standard","meta":{"fifu_image_url":"\/uploads\/FCK_files\/Mohamed-El-Jeri.jpg","fifu_image_alt":"Othman Kechrid: De l\u2019instituteur au ministre de l\u2019Int\u00e9rieur, une belle carri\u00e8re bien m\u00e9rit\u00e9e (Album photos)","footnotes":""},"categories":[73,55],"tags":[],"class_list":["post-114497","post","type-post","status-publish","format-standard","hentry","category-actualite","category-tunisie"],"_links":{"self":[{"href":"https:\/\/linitiative.ca\/International\/wp-json\/wp\/v2\/posts\/114497","targetHints":{"allow":["GET"]}}],"collection":[{"href":"https:\/\/linitiative.ca\/International\/wp-json\/wp\/v2\/posts"}],"about":[{"href":"https:\/\/linitiative.ca\/International\/wp-json\/wp\/v2\/types\/post"}],"author":[{"embeddable":true,"href":"https:\/\/linitiative.ca\/International\/wp-json\/wp\/v2\/users\/1772"}],"replies":[{"embeddable":true,"href":"https:\/\/linitiative.ca\/International\/wp-json\/wp\/v2\/comments?post=114497"}],"version-history":[{"count":0,"href":"https:\/\/linitiative.ca\/International\/wp-json\/wp\/v2\/posts\/114497\/revisions"}],"wp:attachment":[{"href":"https:\/\/linitiative.ca\/International\/wp-json\/wp\/v2\/media?parent=114497"}],"wp:term":[{"taxonomy":"category","embeddable":true,"href":"https:\/\/linitiative.ca\/International\/wp-json\/wp\/v2\/categories?post=114497"},{"taxonomy":"post_tag","embeddable":true,"href":"https:\/\/linitiative.ca\/International\/wp-json\/wp\/v2\/tags?post=114497"}],"curies":[{"name":"wp","href":"https:\/\/api.w.org\/{rel}","templated":true}]}}