{"id":114500,"date":"2021-04-07T08:06:00","date_gmt":"2021-04-07T12:06:00","guid":{"rendered":"https:\/\/linitiative.ca\/International\/covid-19-40-associations-tunisiennes-adressent-une-lettre-ouverte-au-president-de-la-republique-et-au-president-du-gouvernement\/"},"modified":"2021-04-07T08:06:00","modified_gmt":"2021-04-07T12:06:00","slug":"covid-19-40-associations-tunisiennes-adressent-une-lettre-ouverte-au-president-de-la-republique-et-au-president-du-gouvernement","status":"publish","type":"post","link":"https:\/\/linitiative.ca\/International\/covid-19-40-associations-tunisiennes-adressent-une-lettre-ouverte-au-president-de-la-republique-et-au-president-du-gouvernement\/","title":{"rendered":"Covid-19: 40  associations tunisiennes adressent une lettre ouverte au Pr\u00e9sident de la R\u00e9publique et au Pr\u00e9sident du Gouvernement"},"content":{"rendered":"<p><strong><em>Monsieur le Pr\u00e9sident de la R\u00e9publique,<br \/>Monsieur le Pr\u00e9sident du Gouvernement,<\/em><\/strong><\/p>\n<p>Le d\u00e9veloppement de la pand\u00e9mie de Covid-19, a pris, ces derniers jours, dans notre pays, un tournant grave comme en t\u00e9moignent la recrudescence du nombre des citoyens test\u00e9s positifs et des d\u00e9c\u00e8s ainsi que la saturation des services d\u00e9di\u00e9s aux malades dans de nombreux h\u00f4pitaux. Cette d\u00e9gradation alarmante est, de l\u2019avis de nombreux sp\u00e9cialistes, en rapport \u00e9troit avec la propagation rapide du variant britannique dans de nombreuses r\u00e9gions, avec les mesures insuffisantes ou non appliqu\u00e9es qui ont \u00e9t\u00e9 prises derni\u00e8rement par le gouvernement pour faire face \u00e0 la pand\u00e9mie et avec ses graves\u00a0 erreurs dans sa lutte contre ce fl\u00e9au.<\/p>\n<p>Malgr\u00e9 les mises en garde contre la troisi\u00e8me vague et sa dangerosit\u00e9, tant au niveau national qu\u2019international, au moment\u00a0 de la propagation rapide du\u00a0\u00a0 mutant britannique, le gouvernement actuel a pris, sans aucune reddition de comptes et sans aucun contr\u00f4le, des d\u00e9cisions erron\u00e9es qui ont consist\u00e9 en une ouverture des fronti\u00e8res aux voyageurs Tunisiens et \u00e9trangers arrivant en Tunisie\u00a0 sans\u00a0 reconduction du\u00a0\u00a0\u00a0 confinement obligatoire ; en un abandon de l\u2019interdiction de la circulation entre les r\u00e9gions ; en un all\u00e9gement du couvre-feu,\u00a0 en la r\u00e9ouverture\u00a0 totale des caf\u00e9s et des restaurants; dans le renouvellement de l\u2019autorisation d\u2019utiliser la chicha et le refus par les autorit\u00e9s de l\u2019exercice de leur devoir\u00a0 de dissuasion sous la pression des groupes d\u2019int\u00e9r\u00eat et des lobbys. On a \u00e9galement ferm\u00e9 les yeux sur l\u2019organisation de manifestations qui ont entra\u00een\u00e9 de nombreux d\u00e9placements entre les r\u00e9gions et de grands rassemblements.<\/p>\n<p>Malgr\u00e9 la d\u00e9t\u00e9rioration de la situation sanitaire, le gouvernement reste indiff\u00e9rent et d\u00e9sinvolte et il continue \u00e0 adopter la politique de l\u2019autruche et \u00e0 utiliser la langue de bois. C\u2019est ce qui appara\u00eet dans son dernier communiqu\u00e9 publi\u00e9 le 5 avril \u00e0 la suite d\u2019une r\u00e9union du comit\u00e9 scientifique de lutte contre la covid-19 sous l\u2019\u00e9gide du pr\u00e9sident du gouvernement. Cette d\u00e9claration vague, d\u00e9nu\u00e9e de d\u00e9cisions s\u00e9rieuses et efficaces\u00a0 pour faire face \u00e0 la pand\u00e9mie, exclut l\u2019adoption de mesures s\u00e9v\u00e8res et douloureuses pour l\u2019\u00e9conomie dans une allusion aux propositions du Comit\u00e9 scientifique et un rejet d\u00e9guis\u00e9 de celles-ci. Il est \u00e0 noter que ce dernier n\u2019a pas rendu public le contenu de ses recommandations, ce qui remet en cause son ind\u00e9pendance et souligne la volont\u00e9 \u00e9vidente de le marginaliser.<\/p>\n<p><strong><em>Monsieur le Pr\u00e9sident de la R\u00e9publique,<br \/>Monsieur le Pr\u00e9sident du Gouvernement,<\/em><\/strong><\/p>\n<p>Si les mesures n\u00e9cessaires ne sont pas prises, la situation risque de devenir incontr\u00f4lable et d\u2019hypoth\u00e9quer la reprise des activit\u00e9s \u00e9conomiques et autres qui n\u00e9cessitent obligatoirement l\u2019acquisition d\u2019une immunit\u00e9 collective rassurante pour les Tunisiens et leurs partenaires \u00e9trangers. Pour cela, une mobilisation totale et cr\u00e9dible des services de l\u2019Etat et de l\u2019ensemble de la population\u00a0 doit s\u2019accompagner d\u2019une acc\u00e9l\u00e9ration significative de la campagne de vaccination et du d\u00e9pistage.<\/p>\n<p><span class=\"c2\"><strong>La mobilisation de l\u2019Etat et de la population doit \u00eatre cr\u00e9dible. Cela exige<\/strong><\/span><\/p>\n<p class=\"c4\"><span class=\"c3\"><strong>\u2022<\/strong><\/span> L\u2019entente des deux p\u00f4les du pouvoir ex\u00e9cutif qui doivent, par leurs d\u00e9cisions et leurs d\u00e9clarations, donner aux citoyens l\u2019assurance que la lutte contre\u00a0 l\u2019\u00e9pid\u00e9mie est, pour l\u2019Etat, une priorit\u00e9 absolue et une bataille essentielle pour effacer l\u2019impression dominante que le pouvoir ex\u00e9cutif est d\u00e9missionnaire et totalement absent de la bataille contre l\u2019\u00e9pid\u00e9mie. Il faut, pour ce faire, convoquer\u00a0 une r\u00e9union urgente du Conseil de s\u00e9curit\u00e9 nationale pour mettre l\u2019accent sur l\u2019implication des autorit\u00e9s dans la guerre contre la pand\u00e9mie<\/p>\n<p class=\"c4\"><span class=\"c3\"><strong>\u2022<\/strong><\/span> La prise en compte de la seule situation \u00e9pid\u00e9miologique et des propositions d\u2019un\u00a0 comit\u00e9 scientifique r\u00e9ellement ind\u00e9pendant pour les d\u00e9cisions\u00a0 qui s\u2019imposent,\u00a0 en dehors de toute consid\u00e9ration politicienne et tout calcul \u00e9conomiste \u00e0 court terme et la n\u00e9cessit\u00e9 de permettre \u00e0 son porte-parole d\u2019informer l\u2019opinion publique de ses propositions afin qu\u2019elle prenne connaissance\u00a0 du point de vue des experts\u00a0 formul\u00e9 sur la base des donn\u00e9es scientifiques. .<\/p>\n<p class=\"c4\"><span class=\"c3\"><strong>\u2022<\/strong><\/span> La mise en place et l\u2019application rigoureuse de toutes les mesures gradu\u00e9es et cibl\u00e9es qu\u2019impose l\u2019\u00e9volution de l\u2019\u00e9pid\u00e9mie : le confinement strict des zones et r\u00e9gions d\u00e9clar\u00e9es comme clusters, la limitation, dans ces zones sinistr\u00e9es, de l\u2019activit\u00e9 commerciale et des services aux domaines de premi\u00e8re n\u00e9cessit\u00e9, la fermeture des \u00e9tablissements \u00e9ducatifs (en gardant les \u00e9coles et les \u00e9tablissements pr\u00e9scolaires ouverts uniquement pour les enfants des personnels de lutte en premi\u00e8re ligne), l\u2019interdiction absolue des rassemblements et des d\u00e9placements vers et \u00e0 partir des clusters, le recours \u00e0 l\u2019alternance au niveau du travail administratif, le travail \u00e0 distance chaque fois que cela est possible, le contr\u00f4le rigoureux du respect des gestes barri\u00e8res dans les locaux et les moyens de transport publics et l\u2019application de sanctions s\u00e9v\u00e8res pour les contrevenants.<\/p>\n<p><span class=\"c2\"><strong>La campagne de vaccination doit atteindre rapidement un rythme rassurant dans le cadre de la transparence la plus totale<\/strong><\/span><\/p>\n<p>Le rythme lent de la campagne de vaccination, tardive et frileuse, et la m\u00e9fiance suscit\u00e9e par le vaccin, voire son refus\u00a0 sont dus en grande partie \u00e0 la cacophonie qui caract\u00e9rise la communication officielle et \u00e0 un d\u00e9ficit de p\u00e9dagogie des premiers responsables. Il est indispensable, pour faire face \u00e0 cette situation inqui\u00e9tante, de:<\/p>\n<p class=\"c4\"><span class=\"c3\"><strong>\u2022<\/strong><\/span> Mener une campagne de sensibilisation qui soit \u00e0 la mesure des r\u00e9ticences et lui accorder toutes les ressources humaines et mat\u00e9rielles n\u00e9cessaires en ciblant particuli\u00e8rement les r\u00e9calcitrants.<\/p>\n<p class=\"c4\"><span class=\"c3\"><strong>\u2022<\/strong><\/span> Revoir la strat\u00e9gie de la vaccination en adaptant les choix aux moyens et aux besoins : choix des vaccins,\u00a0 augmentation urgente des centres de vaccination\u00a0\u00a0 et leur rapprochement\u00a0 des citoyens, implication des m\u00e9decins et des pharmaciens de libre pratique\u00a0 tout en continuant \u00e0 garantir\u00a0 la gratuit\u00e9 de la vaccination.<\/p>\n<p class=\"c4\"><span class=\"c3\"><strong>\u2022<\/strong><\/span> Faire preuve de transparence au sujet de la situation \u00e9pid\u00e9miologique dans les r\u00e9gions, et relativement aux\u00a0 cat\u00e9gories d\u2019\u00e2ge et aux\u00a0 couches sociales des citoyens vaccin\u00e9s et \u00e9viter le favoritisme.<\/p>\n<p class=\"c4\"><span class=\"c3\"><strong>\u2022<\/strong><\/span> Renforcer les campagnes de d\u00e9pistage pour d\u00e9tecter les cas positifs \u00e0 isoler et \u00e0 soigner ainsi que pour \u00e9valuer l\u2019avancement de l\u2019immunit\u00e9 acquise d\u2019une mani\u00e8re ou d\u2019une autre.<\/p>\n<p><em><strong>Monsieur le Pr\u00e9sident de la R\u00e9publique,<br \/>Monsieur le Pr\u00e9sident du Gouvernement,<\/strong><\/em><\/p>\n<p>En conclusion, la situation sanitaire grave s\u2019ajoute, dans notre pays, \u00e0 une crise \u00e9conomique et politique in\u00e9dite. Elle s\u2019en nourrit et la nourrit. De son \u00e9volution et de son issue d\u00e9pendra l\u2019avenir, \u00e0 court et \u00e0 long terme, du pays. Le pouvoir ex\u00e9cutif\u00a0 porte, face \u00e0 la soci\u00e9t\u00e9, \u00e0 l\u2019histoire et \u00e0 la justice, une lourde\u00a0 responsabilit\u00e9 \u00e0 cause\u00a0 de sa n\u00e9gligence et de l\u2019accent qu\u2019il met sur les batailles pour le pouvoir \u00e0 laquelle le peuple tunisien n\u2019accorde aucune importance.\u00a0 Il s\u2019agit d\u2019une responsabilit\u00e9\u00a0 qu\u2019il ne peut pas \u00e9luder\u00a0 tant\u00a0 la\u00a0 sant\u00e9 et la vie des citoyens sont en jeu.<\/p>\n<p><span class=\"c2\"><strong>Les associations signataires<\/strong><\/span><\/p>\n<p><span class=\"c3\"><strong>\u2022<\/strong><\/span> Association\u00a0 histoire et m\u00e9moire commune pour la libert\u00e9<\/p>\n<p><span class=\"c3\"><strong>\u2022<\/strong><\/span> Association Amal pour la famille et l\u2019enfant<\/p>\n<p><span class=\"c3\"><strong>\u2022<\/strong><\/span> Association Attalaki pour la libert\u00e9 et l\u2019\u00e9galit\u00e9<\/p>\n<p><span class=\"c3\"><strong>\u2022<\/strong><\/span> Association citoyennet\u00e9 et libert\u00e9s<\/p>\n<p><span class=\"c3\"><strong>\u2022<\/strong><\/span> Association Citoyennet\u00e9, D\u00e9veloppement, Cultures &amp; Migrations Des Deux Rives<\/p>\n<p><span class=\"c3\"><strong>\u2022<\/strong><\/span> Association de solidarit\u00e9 civique \u2013 Tunisie<\/p>\n<p><span class=\"c3\"><strong>\u2022<\/strong><\/span> Association des femmes tunisienne pour la recherche sur le d\u00e9veloppement<\/p>\n<p><span class=\"c3\"><strong>\u2022<\/strong><\/span> Association du droit \u00e0 la diff\u00e9rence<\/p>\n<p><span class=\"c3\"><strong>\u2022<\/strong><\/span> Association Joussour de Citoyennet\u00e9<\/p>\n<p><span class=\"c3\"><strong>\u2022<\/strong><\/span> Association Tunisienne d&rsquo;Action Culturelle<\/p>\n<p><span class=\"c3\"><strong>\u2022<\/strong><\/span> Association tunisienne de d\u00e9fense des libert\u00e9s individuelles<\/p>\n<p><span class=\"c3\"><strong>\u2022<\/strong><\/span> Association tunisienne de d\u00e9fense des valeurs universitaires<\/p>\n<p><span class=\"c3\"><strong>\u2022<\/strong><\/span> Association tunisienne des femmes d\u00e9mocrates<\/p>\n<p><span class=\"c3\"><strong>\u2022<\/strong><\/span> Association tunisienne pour la sant\u00e9 reproductive<\/p>\n<p><span class=\"c3\"><strong>\u2022<\/strong><\/span> Association Vigilance pour la d\u00e9mocratie et l\u2019Etat civique<\/p>\n<p><span class=\"c3\"><strong>\u2022<\/strong><\/span> Association Wachm<\/p>\n<p><span class=\"c3\"><strong>\u2022<\/strong><\/span> Aswat\u00a0 Nissa<\/p>\n<p><span class=\"c3\"><strong>\u2022<\/strong><\/span> Centre de Tunis pour la libert\u00e9 de la presse<\/p>\n<p><span class=\"c3\"><strong>\u2022<\/strong><\/span> Coalition tunisienne pour l\u2019abolition de la peine de mort<\/p>\n<p><span class=\"c3\"><strong>\u2022<\/strong><\/span> Comit\u00e9 pour le respect des libert\u00e9s et des droits de l\u2019homme en Tunisie<\/p>\n<p><span class=\"c3\"><strong>\u2022<\/strong><\/span> Forum Attajdid pour la pens\u00e9e progressiste<\/p>\n<p><span class=\"c3\"><strong>\u2022<\/strong><\/span> Initiative We Exist pour l\u2019\u00e9galit\u00e9<\/p>\n<p><span class=\"c3\"><strong>\u2022<\/strong><\/span> Intersection Association for Rights and Freedoms<\/p>\n<p><span class=\"c3\"><strong>\u2022<\/strong><\/span> L\u2019Association Arts et Cultures des deux Rives<\/p>\n<p><span class=\"c3\"><strong>\u2022<\/strong><\/span> L\u2019association Cr\u00e9ation et Cr\u00e9ativit\u00e9 pour le D\u00e9veloppement et l&rsquo;Embauche<\/p>\n<p><span class=\"c3\"><strong>\u2022<\/strong><\/span> La F\u00e9d\u00e9ration des Tunisiens pour une Citoyennet\u00e9 des deux Rives<\/p>\n<p><span class=\"c3\"><strong>\u2022<\/strong><\/span> La Fondation Hassen Saadaoui pour la d\u00e9mocratie et l&rsquo;\u00e9galit\u00e9<\/p>\n<p><span class=\"c3\"><strong>\u2022<\/strong><\/span> L&rsquo;association Tunisienne de Pr\u00e9vention positive<\/p>\n<p><span class=\"c3\"><strong>\u2022<\/strong><\/span> L&rsquo;Association tunisienne de soutien aux minorit\u00e9s<\/p>\n<p><span class=\"c3\"><strong>\u2022<\/strong><\/span> Le Comit\u00e9 de Vigilance pour la D\u00e9mocratie en Tunisie \u2013 Belgique<\/p>\n<p><span class=\"c3\"><strong>\u2022<\/strong><\/span> Ligue tunisienne de d\u00e9fense des droits de l\u2019homme<\/p>\n<p><span class=\"c3\"><strong>\u2022<\/strong><\/span> L&rsquo;union des Tunisiens pour l&rsquo;Action Citoyenne<\/p>\n<p><span class=\"c3\"><strong>\u2022<\/strong><\/span> No Peace Without Justice association<\/p>\n<p><span class=\"c3\"><strong>\u2022<\/strong><\/span> Observatoire national pour la d\u00e9fense du caract\u00e8re civil de l\u2019Etat<\/p>\n<p><span class=\"c3\"><strong>\u2022<\/strong><\/span> Organisation 23_10 de Soutien au Processus de la Transition D\u00e9mocratique<\/p>\n<p><span class=\"c3\"><strong>\u2022<\/strong><\/span> Nachaz<\/p>\n<p><span class=\"c3\"><strong>\u2022<\/strong><\/span> Association m\u00e9diterran\u00e9enne pour la p\u00e9dagogie et la citoyennet\u00e9<\/p>\n<p><span class=\"c3\"><strong>\u2022<\/strong><\/span> L\u2019association tunisienne de lutte contre la violence<\/p>\n<p><span class=\"c3\"><strong>\u2022<\/strong><\/span> Association La Manouba pour les monuments et la culture<\/p>\n<p><span class=\"c3\"><strong>\u2022<\/strong><\/span> Association \u00e9dification de la culture de la citoyennet\u00e9<\/p>\n<p><span class=\"c3\"><strong>\u2022<\/strong><\/span> Syndicat national des journalistes tunisiens<br \/>\u00a0<br \/>\u00a0<\/p>\n<p>Auteur:<br \/>\n<a href=\"https:\/\/www.leaders.com.tn\/article\/31685-covid-19-40-associations-tunisiennes-adressent-une-lettre-ouverte-au-president-de-la-republique-et-au-president-du-gouvernement\">Cliquez ici pour lire l&rsquo;article depuis sa source.<\/a><\/p>\n","protected":false},"excerpt":{"rendered":"<p>Monsieur le Pr\u00e9sident de la R\u00e9publique,Monsieur le Pr\u00e9sident du Gouvernement, Le d\u00e9veloppement de la pand\u00e9mie de Covid-19, a pris, ces derniers jours, dans notre pays, un tournant grave comme en t\u00e9moignent la recrudescence du nombre des citoyens test\u00e9s positifs et des d\u00e9c\u00e8s ainsi que la saturation des services d\u00e9di\u00e9s aux malades dans de nombreux h\u00f4pitaux. [&hellip;]<\/p>\n","protected":false},"author":1772,"featured_media":0,"comment_status":"closed","ping_status":"closed","sticky":false,"template":"","format":"standard","meta":{"fifu_image_url":"","fifu_image_alt":"","footnotes":""},"categories":[73,55],"tags":[],"class_list":["post-114500","post","type-post","status-publish","format-standard","hentry","category-actualite","category-tunisie"],"_links":{"self":[{"href":"https:\/\/linitiative.ca\/International\/wp-json\/wp\/v2\/posts\/114500","targetHints":{"allow":["GET"]}}],"collection":[{"href":"https:\/\/linitiative.ca\/International\/wp-json\/wp\/v2\/posts"}],"about":[{"href":"https:\/\/linitiative.ca\/International\/wp-json\/wp\/v2\/types\/post"}],"author":[{"embeddable":true,"href":"https:\/\/linitiative.ca\/International\/wp-json\/wp\/v2\/users\/1772"}],"replies":[{"embeddable":true,"href":"https:\/\/linitiative.ca\/International\/wp-json\/wp\/v2\/comments?post=114500"}],"version-history":[{"count":0,"href":"https:\/\/linitiative.ca\/International\/wp-json\/wp\/v2\/posts\/114500\/revisions"}],"wp:attachment":[{"href":"https:\/\/linitiative.ca\/International\/wp-json\/wp\/v2\/media?parent=114500"}],"wp:term":[{"taxonomy":"category","embeddable":true,"href":"https:\/\/linitiative.ca\/International\/wp-json\/wp\/v2\/categories?post=114500"},{"taxonomy":"post_tag","embeddable":true,"href":"https:\/\/linitiative.ca\/International\/wp-json\/wp\/v2\/tags?post=114500"}],"curies":[{"name":"wp","href":"https:\/\/api.w.org\/{rel}","templated":true}]}}