{"id":114507,"date":"2021-04-07T12:01:44","date_gmt":"2021-04-07T16:01:44","guid":{"rendered":"https:\/\/linitiative.ca\/International\/relance-industrielle-marjane-holding-va-renforcer-le-developpement-de-son-sourcing-aupres-des-industriels-locaux\/"},"modified":"2021-04-07T12:01:44","modified_gmt":"2021-04-07T16:01:44","slug":"relance-industrielle-marjane-holding-va-renforcer-le-developpement-de-son-sourcing-aupres-des-industriels-locaux","status":"publish","type":"post","link":"https:\/\/linitiative.ca\/International\/relance-industrielle-marjane-holding-va-renforcer-le-developpement-de-son-sourcing-aupres-des-industriels-locaux\/","title":{"rendered":"Relance industrielle :  Marjane Holding va renforcer le d\u00e9veloppement de son sourcing aupr\u00e8s des industriels locaux"},"content":{"rendered":"<p><strong>Le sp\u00e9cialiste de la grande distribution vient de parapher un partenariat visant \u00e0 renforcer son sourcing au niveau local. En effet, \u00a0deux conventions de partenariat ont \u00e9t\u00e9 sign\u00e9es, dans ce sens, le 7 avril, par le Ministre de l\u2019Industrie, du Commerce, de l\u2019Economie Verte et Num\u00e9rique, Moulay Hafid Elalamy, le PDG de Marjane Holding, Ayoub Azami, le pr\u00e9sident de l\u2019Association Marocaine des Industries du Textile et de l\u2019Habillement (AMITH), Mohamed Boubouh, et le pr\u00e9sident de la F\u00e9d\u00e9ration Nationale de l\u2019Agroalimentaire (FENAGRI), Abdelmounim El Eulj.<\/strong><\/p>\n<div class=\"c10\">\n<\/div>\n<p>\u00a0L\u2019objectif est de ce partenariat est de \u00a0d\u00e9velopper le sourcing de Marjane Holding aupr\u00e8s des industriels locaux du textile et de l\u2019agroalimentaire. Cet accord s\u2019inscrit, en effet, dans le cadre de la relance industrielle. \u00ab Le d\u00e9veloppement du sourcing aupr\u00e8s des fabricants locaux r\u00e9pond parfaitement \u00e0 la Vision Royale de relancer les secteurs productifs et renforcer leur capacit\u00e9 \u00e0 investir et \u00e0 cr\u00e9er de l\u2019emploi. La commande des donneurs d\u2019ordre priv\u00e9s, particuli\u00e8rement celle de la Grande et moyenne surface (GMS), peut jouer un r\u00f4le de catalyseur du d\u00e9veloppement du sourcing local, de diversification et de mont\u00e9e en gamme de l\u2019offre des produits r\u00e9pondant aux crit\u00e8res de qualit\u00e9 et de prix exig\u00e9s par le consommateur marocain\u00a0\u00bb, a soulign\u00e9 Moulay Hafid Elalamy.<\/p>\n<p><strong>Lire aussi| <a href=\"https:\/\/www.challenge.ma\/lenseigne-amoud-etend-sa-toile-a-dakhla-180474\/\">L\u2019enseigne Amoud \u00e9tend sa toile \u00e0 Dakhla<\/a><\/strong><\/p>\n<p>Dans le d\u00e9tail, Marjane Holding adaptera sa politique achat pour le d\u00e9veloppement et l\u2019accompagnement des fabricants nationaux et mettra \u00e0 leur disposition les moyens logistiques pour assurer une pr\u00e9sence de leurs produits sur l\u2019ensemble du parc des magasins hyper. De m\u00eame, l\u2019enseigne, filiale du fonds panafricain Al Mada, mettra en place, pour son offre permanente, un plan annuel de d\u00e9veloppement du sourcing local aupr\u00e8s des fabricants nationaux du secteur textile, avec les sp\u00e9cifications techniques demand\u00e9es et les quantit\u00e9s cibl\u00e9es par produit, et travaillera, en ce qui concerne son offre saisonni\u00e8re, avec les fabricants nationaux pour d\u00e9velopper les collections (printemps-\u00e9t\u00e9 et automne-hiver) r\u00e9pondants aux besoins du march\u00e9 marocain. \u00ab\u00a0Cette c\u00e9r\u00e9monie de signature est le reflet de l\u2019engagement total de Marjane Holding, en tant qu\u2019acteur marocain ancr\u00e9 dans son \u00e9cosyst\u00e8me national, \u00e0 jouer son r\u00f4le de locomotive en collaborant au mieux au d\u00e9veloppement du tissu \u00e9conomique marocain que ce soit au niveau de l\u2019industrie du textile ou de l\u2019agro-industrie. Cela fait partie de notre vocation et notre souhait\u2026 Car cela fait partie de notre identit\u00e9 \u00bb, a assur\u00e9 Ayoub Azami. \u00ab\u00a0Nous avons la chance au Maroc d\u2019avoir des industries capables de belles performances. En travaillant en synergie avec nos industriels, nous d\u00e9montrons la plupart du temps que nous savons ensemble faire de belles choses.\u00a0<\/p>\n<p><strong>Lire aussi| <a href=\"https:\/\/www.challenge.ma\/fiscalite-des-entreprises-vers-la-fin-de-la-concurrence-entre-les-pays-video-180840\/\">Fiscalit\u00e9 des entreprises : vers la fin de la concurrence entre les pays ? [vid\u00e9o]<\/a><\/strong><\/p>\n<p>En ce qui concerne l\u2019agro \u2013 industrie par exemple, la part de march\u00e9 du sourcing local des produits marques distributeurs repr\u00e9sentait d\u00e9j\u00e0 65% 2020 et nous ambitionnons d\u2019atteindre les 80% de notre CA en 2024.\u00a0 Pour\u00a0le textile, nous voudrions porter de 25% \u00e0 75% notre sourcing Maroc d\u2019ici 2024 \u00bb, a-t-il ajout\u00e9. Force est de souligner qu\u2019un premier lot de 13 conventions de sourcing local a \u00e9t\u00e9 sign\u00e9, \u00e0 cette occasion pour marquer la concr\u00e9tisation de ce partenariat, et repr\u00e9sente un montant de 173 millions de DH. Pour sa part, l\u2019AMITH s\u2019engage, entre autres, \u00e0 diffuser aupr\u00e8s des fabricants nationaux le plan annuel de d\u00e9veloppement du sourcing local de Marjane Holding, avec les sp\u00e9cifications techniques demand\u00e9es et les quantit\u00e9s cibl\u00e9es par produit, ainsi qu\u2019\u00e0 identifier les op\u00e9rateurs des diff\u00e9rentes fili\u00e8res du secteur \u00e0 m\u00eame de r\u00e9pondre aux besoins du sp\u00e9cialiste de la grande distribution.<\/p>\n<p>La FENAGRI, de son c\u00f4t\u00e9, s\u2019engage, entre autres, \u00e0 \u00e9tablir une liste des entreprises industrielles du secteur par produit pouvant r\u00e9pondre aux appels d\u2019offres de Marjane Holding, en concertation avec le minist\u00e8re, \u00e0 la mettre \u00e0 jour et \u00e0 la communiquer p\u00e9riodiquement aux deux partenaires. La f\u00e9d\u00e9ration mettra \u00e9galement en place un programme de communication et de sensibilisation aupr\u00e8s des entreprises du secteur pour les faire adh\u00e9rer \u00e0 l\u2019objet de la pr\u00e9sente convention et \u00e0 inciter les entreprises \u00e0 entreprendre les efforts n\u00e9cessaires pour respecter le cahier des charges de Marjane Holding en pr\u00e9sentant une offre diversifi\u00e9e et satisfaisante en termes de qualit\u00e9 et de prix.<\/p>\n<p>Auteur: challenge<br \/>\n<a href=\"https:\/\/www.challenge.ma\/relance-industrielle-marjane-holding-va-renforcer-le-developpement-de-son-sourcing-aupres-des-industriels-locaux-180884\/\">Cliquez ici pour lire l&rsquo;article depuis sa source.<\/a><\/p>\n","protected":false},"excerpt":{"rendered":"<p>Le sp\u00e9cialiste de la grande distribution vient de parapher un partenariat visant \u00e0 renforcer son sourcing au niveau local. En effet, \u00a0deux conventions de partenariat ont \u00e9t\u00e9 sign\u00e9es, dans ce sens, le 7 avril, par le Ministre de l\u2019Industrie, du Commerce, de l\u2019Economie Verte et Num\u00e9rique, Moulay Hafid Elalamy, le PDG de Marjane Holding, Ayoub [&hellip;]<\/p>\n","protected":false},"author":1787,"featured_media":0,"comment_status":"closed","ping_status":"closed","sticky":false,"template":"","format":"standard","meta":{"fifu_image_url":"","fifu_image_alt":"","footnotes":""},"categories":[78,54],"tags":[],"class_list":["post-114507","post","type-post","status-publish","format-standard","hentry","category-economie","category-maroc"],"_links":{"self":[{"href":"https:\/\/linitiative.ca\/International\/wp-json\/wp\/v2\/posts\/114507","targetHints":{"allow":["GET"]}}],"collection":[{"href":"https:\/\/linitiative.ca\/International\/wp-json\/wp\/v2\/posts"}],"about":[{"href":"https:\/\/linitiative.ca\/International\/wp-json\/wp\/v2\/types\/post"}],"author":[{"embeddable":true,"href":"https:\/\/linitiative.ca\/International\/wp-json\/wp\/v2\/users\/1787"}],"replies":[{"embeddable":true,"href":"https:\/\/linitiative.ca\/International\/wp-json\/wp\/v2\/comments?post=114507"}],"version-history":[{"count":0,"href":"https:\/\/linitiative.ca\/International\/wp-json\/wp\/v2\/posts\/114507\/revisions"}],"wp:attachment":[{"href":"https:\/\/linitiative.ca\/International\/wp-json\/wp\/v2\/media?parent=114507"}],"wp:term":[{"taxonomy":"category","embeddable":true,"href":"https:\/\/linitiative.ca\/International\/wp-json\/wp\/v2\/categories?post=114507"},{"taxonomy":"post_tag","embeddable":true,"href":"https:\/\/linitiative.ca\/International\/wp-json\/wp\/v2\/tags?post=114507"}],"curies":[{"name":"wp","href":"https:\/\/api.w.org\/{rel}","templated":true}]}}