{"id":114510,"date":"2021-04-07T13:55:00","date_gmt":"2021-04-07T17:55:00","guid":{"rendered":"https:\/\/linitiative.ca\/International\/vaccin-astrazeneca-un-risque-tres-faible-de-thromboses-rares-selon-lagence-europeenne-des-medicaments\/"},"modified":"2021-04-07T13:55:00","modified_gmt":"2021-04-07T17:55:00","slug":"vaccin-astrazeneca-un-risque-tres-faible-de-thromboses-rares-selon-lagence-europeenne-des-medicaments","status":"publish","type":"post","link":"https:\/\/linitiative.ca\/International\/vaccin-astrazeneca-un-risque-tres-faible-de-thromboses-rares-selon-lagence-europeenne-des-medicaments\/","title":{"rendered":"Vaccin AstraZeneca :  un risque tr\u00e8s faible de thromboses rares selon l\u2019Agence europ\u00e9enne des m\u00e9dicaments"},"content":{"rendered":"<p><strong>Selon l\u2019Agence europ\u00e9enne des m\u00e9dicaments (EMA), les caillots sanguins devraient \u00eatre r\u00e9pertori\u00e9s comme effet secondaire \u00ab\u00a0tr\u00e8s rare\u00a0\u00bb du vaccin AstraZeneca contre le Covid-19.<\/strong><\/p>\n<div class=\"c10\">\n<\/div>\n<p>L\u2019EMA, qui a effectu\u00e9 une sortie m\u00e9diatique sur le sujet le 7 avril, a \u00e9tabli \u00ab\u00a0un lien possible avec de tr\u00e8s rares cas de caillots sanguins inhabituels avec des plaquettes sanguines basses\u00a0\u00bb, ajoutant toutefois que la balance b\u00e9n\u00e9fices\/risques reste \u00ab\u00a0positive\u00a0\u00bb. Force est de noter que l\u2019Agence europ\u00e9enne des m\u00e9dicaments (EMA) n\u2019a pas identifi\u00e9 de facteur de risque sp\u00e9cifique concernant le vaccin AstraZeneca, estimant\u00a0qu\u2019une explication \u00ab\u00a0plausible\u00a0\u00bb \u00e0 des cas rares de caillots sanguins pourrait \u00eatre une r\u00e9ponse immunitaire. Selon la directrice ex\u00e9cutive de l\u2019EMA, Emer Cooke, des facteurs de risque sp\u00e9cifiques tels que l\u2019\u00e2ge, le sexe ou les ant\u00e9c\u00e9dents m\u00e9dicaux n\u2019ont pas pu \u00eatre confirm\u00e9s, car les \u00e9v\u00e9nements rares sont observ\u00e9s \u00e0 tous les \u00e2ges.<\/p>\n<p><strong>Lire aussi| <a href=\"https:\/\/www.challenge.ma\/relance-industrielle-marjane-holding-va-renforcer-le-developpement-de-son-sourcing-aupres-des-industriels-locaux-180884\/\">Relance industrielle : Marjane Holding va renforcer le d\u00e9veloppement de son sourcing aupr\u00e8s des industriels locaux<\/a><\/strong><\/p>\n<p>\u00ab\u00a0Une explication plausible de ces effets secondaires rares est une r\u00e9ponse immunitaire au vaccin\u00a0\u00bb, a-t-elle ajout\u00e9, faisant remarquer que le vaccin est \u00ab\u00a0tr\u00e8s efficace\u00a0\u00bb et \u00ab\u00a0sauve des vies\u00a0\u00bb. Force est de souligner que le vaccin AstraZeneca contre la Coivd-19 suscite beaucoup de m\u00e9fiance depuis plusieurs mois, et est parfois rejet\u00e9 par certaines personnes comme c\u2019est le cas en France o\u00f9 plusieurs centaines de personnes ont d\u00e9sert\u00e9 des centres de vaccination ces derniers jours, car ne voulant pas de doses du vaccin AstraZeneca. Il va sans dire qu\u2019il y a encore fort \u00e0 faire par les autorit\u00e9s publiques et sanitaires pour convaincre un grand nombre de personnes. D\u2019ailleurs, les ministres de la Sant\u00e9 de l\u2019Union europ\u00e9enne devaient se r\u00e9unir par visioconf\u00e9rence le 7 avril (apr\u00e8s-midi) pour examiner les conclusions de l\u2019EMA.<\/p>\n<p><strong>Lire aussi| <a href=\"https:\/\/www.challenge.ma\/fiscalite-des-entreprises-vers-la-fin-de-la-concurrence-entre-les-pays-video-180840\/\">Fiscalit\u00e9 des entreprises : vers la fin de la concurrence entre les pays ? [vid\u00e9o]<\/a><\/strong><\/p>\n<p>Auteur: challenge<br \/>\n<a href=\"https:\/\/www.challenge.ma\/vaccin-astrazeneca-un-risque-tres-faible-de-thromboses-rares-selon-lagence-europeenne-des-medicaments-180915\/\">Cliquez ici pour lire l&rsquo;article depuis sa source.<\/a><\/p>\n","protected":false},"excerpt":{"rendered":"<p>Selon l\u2019Agence europ\u00e9enne des m\u00e9dicaments (EMA), les caillots sanguins devraient \u00eatre r\u00e9pertori\u00e9s comme effet secondaire \u00ab\u00a0tr\u00e8s rare\u00a0\u00bb du vaccin AstraZeneca contre le Covid-19. L\u2019EMA, qui a effectu\u00e9 une sortie m\u00e9diatique sur le sujet le 7 avril, a \u00e9tabli \u00ab\u00a0un lien possible avec de tr\u00e8s rares cas de caillots sanguins inhabituels avec des plaquettes sanguines basses\u00a0\u00bb, [&hellip;]<\/p>\n","protected":false},"author":1787,"featured_media":0,"comment_status":"closed","ping_status":"closed","sticky":false,"template":"","format":"standard","meta":{"fifu_image_url":"","fifu_image_alt":"","footnotes":""},"categories":[78,54],"tags":[],"class_list":["post-114510","post","type-post","status-publish","format-standard","hentry","category-economie","category-maroc"],"_links":{"self":[{"href":"https:\/\/linitiative.ca\/International\/wp-json\/wp\/v2\/posts\/114510","targetHints":{"allow":["GET"]}}],"collection":[{"href":"https:\/\/linitiative.ca\/International\/wp-json\/wp\/v2\/posts"}],"about":[{"href":"https:\/\/linitiative.ca\/International\/wp-json\/wp\/v2\/types\/post"}],"author":[{"embeddable":true,"href":"https:\/\/linitiative.ca\/International\/wp-json\/wp\/v2\/users\/1787"}],"replies":[{"embeddable":true,"href":"https:\/\/linitiative.ca\/International\/wp-json\/wp\/v2\/comments?post=114510"}],"version-history":[{"count":0,"href":"https:\/\/linitiative.ca\/International\/wp-json\/wp\/v2\/posts\/114510\/revisions"}],"wp:attachment":[{"href":"https:\/\/linitiative.ca\/International\/wp-json\/wp\/v2\/media?parent=114510"}],"wp:term":[{"taxonomy":"category","embeddable":true,"href":"https:\/\/linitiative.ca\/International\/wp-json\/wp\/v2\/categories?post=114510"},{"taxonomy":"post_tag","embeddable":true,"href":"https:\/\/linitiative.ca\/International\/wp-json\/wp\/v2\/tags?post=114510"}],"curies":[{"name":"wp","href":"https:\/\/api.w.org\/{rel}","templated":true}]}}