{"id":114511,"date":"2021-04-07T16:38:58","date_gmt":"2021-04-07T20:38:58","guid":{"rendered":"https:\/\/linitiative.ca\/International\/tunisie-covid-19-toujours-aucune-mesure-pour-la-breche-des-voyageurs-venant-de-letranger\/"},"modified":"2021-04-07T16:38:58","modified_gmt":"2021-04-07T20:38:58","slug":"tunisie-covid-19-toujours-aucune-mesure-pour-la-breche-des-voyageurs-venant-de-letranger","status":"publish","type":"post","link":"https:\/\/linitiative.ca\/International\/tunisie-covid-19-toujours-aucune-mesure-pour-la-breche-des-voyageurs-venant-de-letranger\/","title":{"rendered":"Tunisie \u2013 Covid 19\u00a0: Toujours aucune mesure pour la br\u00e8che des voyageurs venant de l\u2019\u00e9tranger"},"content":{"rendered":"<div class=\"post-cont-in left relative\">\n<div id=\"post-info-wrap\" class=\"left relative post-info-out\">\n<div class=\"post-info-img left relative\"><img decoding=\"async\" alt=\"\" src=\"https:\/\/secure.gravatar.com\/avatar\/96253f4a657b482a18e837c1252096c2?s=50&amp;d=mm&amp;r=g\" srcset=\"https:\/\/secure.gravatar.com\/avatar\/96253f4a657b482a18e837c1252096c2?s=100&amp;d=mm&amp;r=g 2x\" class=\"avatar avatar-50 photo\" height=\"50\" width=\"50\" loading=\"lazy\"\/><\/div>\n<div class=\"post-info-in\">\n<div class=\"post-info-right left relative post-info-name left relative\"><span><span class=\"post-info-text\">Par<\/span> <span class=\"author-name vcard fn author\"><a href=\"https:\/\/www.tunisienumerique.com\/author\/saber\/\" title=\"Articles par Saber .\" rel=\"author\">Saber .<\/a><\/span><\/span> <span class=\"post-date updated\"><time class=\"post-date updated\" datetime=\"2021-04-07\">\u00a0| Il y a 39 minutes<\/time><\/span><br \/>\n<meta itemprop=\"dateModified\" content=\"2021-04-07\"\/><\/div>\n<div class=\"left relative\"><button id=\"listenButton1\" class=\"responsivevoice-button\" type=\"button\" value=\"Play\" title=\"\u00c9coutez l'article\"><span>\ud83d\udd0a \u00c9coutez l&rsquo;article<\/span><\/button>\n<\/div>\n<\/div>\n<\/div>\n<p>La commission nationale de lutte contre le covid vient de rendre son verdict. Elle a choisi de boucler le pays, ignorant la sp\u00e9cificit\u00e9 du mois saint de Ramadan. Elle a d\u00e9cid\u00e9 d\u2019instaurer le couvre feu de fa\u00e7on tr\u00e8s pr\u00e9coce, une mani\u00e8re de confiner les gens chez eux, sans trop le dire.<\/p>\n<div class=\"code-block code-block-1 c4\">\n <ins class=\"adsbygoogle c3\" data-ad-layout=\"in-article\" data-ad-format=\"fluid\" data-ad-client=\"ca-pub-2102118777505746\" data-ad-slot=\"7301775417\"\/>\n<\/div>\n<p>Une d\u00e9cision qui pourrait se d\u00e9fendre au regard de l\u2019indiscipline affich\u00e9e par certains tunisiens dans le non respect des r\u00e8gles de distanciation sociale.<\/p>\n<p>L\u00e0 o\u00f9 les mesures prises par la commission rev\u00eatent un go\u00fbt d\u2019inachev\u00e9, c\u2019est en ce qui concerne les voyageurs en provenance de l\u2019\u00e9tranger.<\/p>\n<p>Ces voyageurs sont, en effet, selon les d\u00e9cisions annonc\u00e9es ce soir, tenus de respecter trois jours d\u2019auto confinement chez eux ou dans le lieu de leur choix. Autant dire qu\u2019ils sont dispens\u00e9s de toute mesure sp\u00e9cifique, laissant le pays expos\u00e9 \u00e0 l\u2019introduction de possibles nouveaux variants du covid. Puisque l\u2019exp\u00e9rience a montr\u00e9 que les autorit\u00e9s et plus sp\u00e9cialement, le comit\u00e9 du confinement au minist\u00e8re de la Sant\u00e9, n\u2019ont jamais pu imposer le respect de cette mesure.<\/p>\n<p>Une d\u00e9cision d\u2019autant plus \u00e9tonnante qu\u2019il s\u2019agit d\u2019une r\u00e9cidive, un remake de la monumentale erreur de l\u2019\u00e9t\u00e9 dernier, quand l\u2019ouverture des fronti\u00e8res sans pr\u00e9cautions particuli\u00e8res, a fait sombrer le pays dans les ab\u00eemes de l\u2019horreur de l\u2019\u00e9pid\u00e9mie, alors que le pays \u00e9tait arriv\u00e9 jusque l\u00e0, \u00e0 tirer, tant bien que mal, son \u00e9pingle du jeu.<\/p>\n<p>Il est donc \u00e0 parier que cette br\u00e8che donnera ult\u00e9rieurement des raisons suppl\u00e9mentaires de remords.<\/p>\n<div class=\"swp_social_panel swp_horizontal_panel swp_flat_fresh swp_default_full_color swp_individual_full_color swp_other_full_color scale-100 scale-\" data-min-width=\"1100\" data-float-color=\"#ffffff\" data-float=\"bottom\" data-float-mobile=\"bottom\" data-transition=\"slide\">\n<div class=\"nc_tweetContainer swp_share_button total_shares total_sharesalt\"><span class=\"swp_count\">2 <span class=\"swp_label\">Partages<\/span><\/span><\/div>\n<\/div>\n<p><strong>Que se passe-t-il en Tunisie?<\/strong><br \/>Nous expliquons sur notre <a href=\"https:\/\/www.youtube.com\/channel\/UCRzypVq0B_yBad5eGrwBx0Q?sub_confirmation=1\" target=\"_blank\" rel=\"noopener\">cha\u00eene YouTube<\/a> . <a href=\"https:\/\/www.youtube.com\/channel\/UCRzypVq0B_yBad5eGrwBx0Q?sub_confirmation=1\" target=\"_blank\" rel=\"noopener\">Abonnez-vous!<\/a><\/p>\n<div class=\"mvp-org-wrap\" itemprop=\"publisher\">\n<div class=\"mvp-org-logo\" itemprop=\"logo\"><img decoding=\"async\" src=\"https:\/\/www.tunisienumerique.com\/wp-content\/uploads\/2017\/02\/logo_tunisie_numerique.png\"\/><br \/>\n<meta itemprop=\"url\" content=\"https:\/\/www.tunisienumerique.com\/wp-content\/uploads\/2017\/02\/logo_tunisie_numerique.png\"\/><\/div>\n<p><meta content=\"Tunisie\"\/><\/div>\n<div class=\"mvp-related-posts left relative\">\n<h4 class=\"post-header\"><span class=\"post-header\">Lire aussi<\/span><\/h4>\n<\/div>\n<div id=\"article-ad\">\n <ins class=\"adsbygoogle c5\" data-ad-client=\"ca-pub-2102118777505746\" data-ad-slot=\"6513972734\" data-ad-format=\"auto\" data-full-width-responsive=\"true\"\/>\n<\/div>\n<\/div>\n<div id=\"post-sidebar-wrap\">\n <ins class=\"adsbygoogle c5\" data-ad-client=\"ca-pub-2102118777505746\" data-ad-slot=\"6168283410\" data-ad-format=\"auto\" data-full-width-responsive=\"true\"\/>\n<\/div>\n<p>Auteur: Saber .<br \/>\n<a href=\"https:\/\/www.tunisienumerique.com\/tunisie-covid-19-toujours-aucune-mesure-pour-la-breche-des-voyageurs-venant-de-letranger\/\">Cliquez ici pour lire l&rsquo;article depuis sa source.<\/a><\/p>\n","protected":false},"excerpt":{"rendered":"<p>Par Saber . \u00a0| Il y a 39 minutes \ud83d\udd0a \u00c9coutez l&rsquo;article La commission nationale de lutte contre le covid vient de rendre son verdict. Elle a choisi de boucler le pays, ignorant la sp\u00e9cificit\u00e9 du mois saint de Ramadan. Elle a d\u00e9cid\u00e9 d\u2019instaurer le couvre feu de fa\u00e7on tr\u00e8s pr\u00e9coce, une mani\u00e8re de confiner [&hellip;]<\/p>\n","protected":false},"author":1789,"featured_media":0,"comment_status":"closed","ping_status":"closed","sticky":false,"template":"","format":"standard","meta":{"fifu_image_url":"https:\/\/secure.gravatar.com\/avatar\/96253f4a657b482a18e837c1252096c2?s=50&d=mm&r=g","fifu_image_alt":"Tunisie \u2013 Covid 19\u00a0: Toujours aucune mesure pour la br\u00e8che des voyageurs venant de l\u2019\u00e9tranger","footnotes":""},"categories":[73,55],"tags":[],"class_list":["post-114511","post","type-post","status-publish","format-standard","hentry","category-actualite","category-tunisie"],"_links":{"self":[{"href":"https:\/\/linitiative.ca\/International\/wp-json\/wp\/v2\/posts\/114511","targetHints":{"allow":["GET"]}}],"collection":[{"href":"https:\/\/linitiative.ca\/International\/wp-json\/wp\/v2\/posts"}],"about":[{"href":"https:\/\/linitiative.ca\/International\/wp-json\/wp\/v2\/types\/post"}],"author":[{"embeddable":true,"href":"https:\/\/linitiative.ca\/International\/wp-json\/wp\/v2\/users\/1789"}],"replies":[{"embeddable":true,"href":"https:\/\/linitiative.ca\/International\/wp-json\/wp\/v2\/comments?post=114511"}],"version-history":[{"count":0,"href":"https:\/\/linitiative.ca\/International\/wp-json\/wp\/v2\/posts\/114511\/revisions"}],"wp:attachment":[{"href":"https:\/\/linitiative.ca\/International\/wp-json\/wp\/v2\/media?parent=114511"}],"wp:term":[{"taxonomy":"category","embeddable":true,"href":"https:\/\/linitiative.ca\/International\/wp-json\/wp\/v2\/categories?post=114511"},{"taxonomy":"post_tag","embeddable":true,"href":"https:\/\/linitiative.ca\/International\/wp-json\/wp\/v2\/tags?post=114511"}],"curies":[{"name":"wp","href":"https:\/\/api.w.org\/{rel}","templated":true}]}}