{"id":114512,"date":"2021-04-07T16:39:05","date_gmt":"2021-04-07T20:39:05","guid":{"rendered":"https:\/\/linitiative.ca\/International\/palais-de-carthage-kais-saied-recoit-la-ministre-libyenne-des-affaires-etrangeres\/"},"modified":"2021-04-07T16:39:05","modified_gmt":"2021-04-07T20:39:05","slug":"palais-de-carthage-kais-saied-recoit-la-ministre-libyenne-des-affaires-etrangeres","status":"publish","type":"post","link":"https:\/\/linitiative.ca\/International\/palais-de-carthage-kais-saied-recoit-la-ministre-libyenne-des-affaires-etrangeres\/","title":{"rendered":"Palais de Carthage : Kais Saied re\u00e7oit la Ministre libyenne des Affaires Etrang\u00e8res"},"content":{"rendered":"<div class=\"post-cont-in left relative\">\n<div id=\"post-info-wrap\" class=\"left relative post-info-out\">\n<div class=\"post-info-img left relative\"><img decoding=\"async\" alt=\"\" src=\"https:\/\/secure.gravatar.com\/avatar\/ea481d7287ad38ca1787f44b5bb1b70e?s=50&amp;d=mm&amp;r=g\" srcset=\"https:\/\/secure.gravatar.com\/avatar\/ea481d7287ad38ca1787f44b5bb1b70e?s=100&amp;d=mm&amp;r=g 2x\" class=\"avatar avatar-50 photo\" height=\"50\" width=\"50\" loading=\"lazy\"\/><\/div>\n<div class=\"post-info-in\">\n<div class=\"post-info-right left relative post-info-name left relative\"><span><span class=\"post-info-text\">Par<\/span> <span class=\"author-name vcard fn author\"><a href=\"https:\/\/www.tunisienumerique.com\/author\/rania-ben-slimane\/\" title=\"Articles par rania ben slimane\" rel=\"author\">rania ben slimane<\/a><\/span><\/span> <span class=\"post-date updated\"><time class=\"post-date updated\" datetime=\"2021-04-07\">\u00a0| Il y a 44 minutes<\/time><\/span><br \/>\n<meta itemprop=\"dateModified\" content=\"2021-04-07\"\/><\/div>\n<div class=\"left relative\"><button id=\"listenButton1\" class=\"responsivevoice-button\" type=\"button\" value=\"Play\" title=\"\u00c9coutez l'article\"><span>\ud83d\udd0a \u00c9coutez l&rsquo;article<\/span><\/button>\n<\/div>\n<\/div>\n<\/div>\n<p>Aujourd\u2019hui, mercredi 7 avril 2021, le pr\u00e9sident de la R\u00e9publique, Kais Saied a re\u00e7u la ministre libyenne des Affaires Etrang\u00e8res et de la Coop\u00e9ration Internationale, Najla Al-Mangoush.<\/p>\n<div class=\"code-block code-block-1 c4\">\n <ins class=\"adsbygoogle c3\" data-ad-layout=\"in-article\" data-ad-format=\"fluid\" data-ad-client=\"ca-pub-2102118777505746\" data-ad-slot=\"7301775417\"\/>\n<\/div>\n<p>La rencontre a port\u00e9 sur les relations fraternelles sinc\u00e8res et le partenariat distingu\u00e9 entre la Tunisie et la Libye ainsi que les perspectives de leur d\u00e9veloppement et de leur diversification.<\/p>\n<p>A cette occasion, Kais Saied a affirm\u00e9 que la ferme volont\u00e9 des deux pays de relever les d\u00e9fis actuels permettra de raccourcir la distance et de surmonter les obstacles.<\/p>\n<p>Il a \u00e9galement soulign\u00e9 que le sort de la Tunisie et de la Libye en est un et que leurs objectifs sont communs, appelant \u00e0 construire des relations de coop\u00e9ration exemplaires, selon des visions non traditionnels pour un meilleur avenir des deux peuples fr\u00e8res..<\/p>\n<p>Le Pr\u00e9sident de la R\u00e9publique a salu\u00e9 les d\u00e9veloppements politiques positifs qui se d\u00e9roulent en Libye gr\u00e2ce \u00e0 la volont\u00e9 de son peuple.<\/p>\n<p>R\u00e9it\u00e9rant le vif souhait de la Tunisie de continuer \u00e0 mettre son exp\u00e9rience et son expertise \u00e0 la disposition des fr\u00e8res en Libye pour soutenir leurs efforts dans la r\u00e9ussite des divers \u00e9v\u00e9nements \u00e0 venir.<\/p>\n<p>De son c\u00f4t\u00e9, la ministre libyenne des Affaires Etrang\u00e8res et de la Coop\u00e9ration Internationale a rappel\u00e9 la visite historique du Pr\u00e9sident de la R\u00e9publique en Libye en mars dernier et les messages forts et importants qu\u2019il a v\u00e9hicul\u00e9s.<\/p>\n<p>A l\u2019occasion de cette rencontre, madame Al-Mangoush a transmis au Pr\u00e9sident de la R\u00e9publique les salutations du Pr\u00e9sident du Conseil Pr\u00e9sidentiel et du Chef du Gouvernement d\u2019Unit\u00e9 Nationale en Libye et leur volont\u00e9 de renforcer la coop\u00e9ration et les relations de partenariat avec la Tunisie dans divers domaines.<\/p>\n<p>Elle a \u00e9galement indiqu\u00e9 qu\u2019elle tenait \u00e0 faire de la Tunisie sa premi\u00e8re destination \u00e9trang\u00e8re depuis la prise de ses fonctions, en guise de reconnaissance \u00e0 la Tunisie pour son r\u00f4le positif et honorable, pendant la crise libyenne.<\/p>\n<div class=\"swp_social_panel swp_horizontal_panel swp_flat_fresh swp_default_full_color swp_individual_full_color swp_other_full_color scale-100 scale-\" data-min-width=\"1100\" data-float-color=\"#ffffff\" data-float=\"bottom\" data-float-mobile=\"bottom\" data-transition=\"slide\">\n<div class=\"nc_tweetContainer swp_share_button total_shares total_sharesalt\"><span class=\"swp_count\">0 <span class=\"swp_label\">Partages<\/span><\/span><\/div>\n<\/div>\n<p><strong>Que se passe-t-il en Tunisie?<\/strong><br \/>Nous expliquons sur notre <a href=\"https:\/\/www.youtube.com\/channel\/UCRzypVq0B_yBad5eGrwBx0Q?sub_confirmation=1\" target=\"_blank\" rel=\"noopener\">cha\u00eene YouTube<\/a> . <a href=\"https:\/\/www.youtube.com\/channel\/UCRzypVq0B_yBad5eGrwBx0Q?sub_confirmation=1\" target=\"_blank\" rel=\"noopener\">Abonnez-vous!<\/a><\/p>\n<div class=\"mvp-org-wrap\" itemprop=\"publisher\">\n<div class=\"mvp-org-logo\" itemprop=\"logo\"><img decoding=\"async\" src=\"https:\/\/www.tunisienumerique.com\/wp-content\/uploads\/2017\/02\/logo_tunisie_numerique.png\"\/><br \/>\n<meta itemprop=\"url\" content=\"https:\/\/www.tunisienumerique.com\/wp-content\/uploads\/2017\/02\/logo_tunisie_numerique.png\"\/><\/div>\n<p><meta content=\"Tunisie\"\/><\/div>\n<div class=\"mvp-related-posts left relative\">\n<h4 class=\"post-header\"><span class=\"post-header\">Lire aussi<\/span><\/h4>\n<\/div>\n<div id=\"article-ad\">\n <ins class=\"adsbygoogle c5\" data-ad-client=\"ca-pub-2102118777505746\" data-ad-slot=\"6513972734\" data-ad-format=\"auto\" data-full-width-responsive=\"true\"\/>\n<\/div>\n<\/div>\n<div id=\"post-sidebar-wrap\">\n <ins class=\"adsbygoogle c5\" data-ad-client=\"ca-pub-2102118777505746\" data-ad-slot=\"6168283410\" data-ad-format=\"auto\" data-full-width-responsive=\"true\"\/>\n<\/div>\n<p>Auteur: rania ben slimane<br \/>\n<a href=\"https:\/\/www.tunisienumerique.com\/palais-de-carthage-kais-saied-recoit-la-ministre-libyenne-des-affaires-etrangeres\/\">Cliquez ici pour lire l&rsquo;article depuis sa source.<\/a><\/p>\n","protected":false},"excerpt":{"rendered":"<p>Par rania ben slimane \u00a0| Il y a 44 minutes \ud83d\udd0a \u00c9coutez l&rsquo;article Aujourd\u2019hui, mercredi 7 avril 2021, le pr\u00e9sident de la R\u00e9publique, Kais Saied a re\u00e7u la ministre libyenne des Affaires Etrang\u00e8res et de la Coop\u00e9ration Internationale, Najla Al-Mangoush. La rencontre a port\u00e9 sur les relations fraternelles sinc\u00e8res et le partenariat distingu\u00e9 entre la [&hellip;]<\/p>\n","protected":false},"author":1789,"featured_media":0,"comment_status":"closed","ping_status":"closed","sticky":false,"template":"","format":"standard","meta":{"fifu_image_url":"https:\/\/secure.gravatar.com\/avatar\/ea481d7287ad38ca1787f44b5bb1b70e?s=50&d=mm&r=g","fifu_image_alt":"Palais de Carthage : Kais Saied re\u00e7oit la Ministre libyenne des Affaires Etrang\u00e8res","footnotes":""},"categories":[73,55],"tags":[],"class_list":["post-114512","post","type-post","status-publish","format-standard","hentry","category-actualite","category-tunisie"],"_links":{"self":[{"href":"https:\/\/linitiative.ca\/International\/wp-json\/wp\/v2\/posts\/114512","targetHints":{"allow":["GET"]}}],"collection":[{"href":"https:\/\/linitiative.ca\/International\/wp-json\/wp\/v2\/posts"}],"about":[{"href":"https:\/\/linitiative.ca\/International\/wp-json\/wp\/v2\/types\/post"}],"author":[{"embeddable":true,"href":"https:\/\/linitiative.ca\/International\/wp-json\/wp\/v2\/users\/1789"}],"replies":[{"embeddable":true,"href":"https:\/\/linitiative.ca\/International\/wp-json\/wp\/v2\/comments?post=114512"}],"version-history":[{"count":0,"href":"https:\/\/linitiative.ca\/International\/wp-json\/wp\/v2\/posts\/114512\/revisions"}],"wp:attachment":[{"href":"https:\/\/linitiative.ca\/International\/wp-json\/wp\/v2\/media?parent=114512"}],"wp:term":[{"taxonomy":"category","embeddable":true,"href":"https:\/\/linitiative.ca\/International\/wp-json\/wp\/v2\/categories?post=114512"},{"taxonomy":"post_tag","embeddable":true,"href":"https:\/\/linitiative.ca\/International\/wp-json\/wp\/v2\/tags?post=114512"}],"curies":[{"name":"wp","href":"https:\/\/api.w.org\/{rel}","templated":true}]}}