{"id":114516,"date":"2021-04-07T15:25:40","date_gmt":"2021-04-07T19:25:40","guid":{"rendered":"https:\/\/linitiative.ca\/International\/axe-paris-kigali\/"},"modified":"2021-04-07T15:25:40","modified_gmt":"2021-04-07T19:25:40","slug":"axe-paris-kigali","status":"publish","type":"post","link":"https:\/\/linitiative.ca\/International\/axe-paris-kigali\/","title":{"rendered":"AXE PARIS-KIGALI"},"content":{"rendered":"<p class=\"c4\"><em>C\u2019est parti pour les comm\u00e9morations du g\u00e9nocide des Tutsis au Rwanda. Depuis le 7 avril dernier, et ce durant 100 jours, Kigali s\u2019animera et se rappellera au mauvais souvenir de son lourd et tragique pass\u00e9 qui aura profond\u00e9ment choqu\u00e9 la conscience humaine. Voil\u00e0, en effet, vingt-sept ans d\u00e9j\u00e0 que survenait l\u2019une des pires abominations qui aura marqu\u00e9 au fer rouge, le si\u00e8cle \u00e9coul\u00e9. Une trag\u00e9die dont la France porte d\u00e9sormais \u00ab\u00a0des responsabilit\u00e9s lourdes et accablantes\u00a0\u00bb, selon le rapport de la commission Duclert qui \u00e9carte toutefois, \u00ab\u00a0toutes complicit\u00e9s\u00a0\u00bb de Paris \u00e0 l\u2019\u00e9gard des g\u00e9nocidaires.\u00a0 En tous les cas, la publication de ce rapport devrait marquer un tournant dans la normalisation entre Kigali et Paris longtemps accus\u00e9e d\u2019avoir jou\u00e9 un r\u00f4le extr\u00eamement n\u00e9faste dans le drame rwandais de 1994. Quel a \u00e9t\u00e9 le r\u00f4le de la France de Edouard Balladur, avant, pendant et apr\u00e8s le g\u00e9nocide rwandais\u00a0? Face \u00e0 cette violente et terrible question, on ne peut que se f\u00e9liciter des conclusions des travaux de la commission Duclert qui s\u2019est gard\u00e9e de d\u00e9douaner l\u2019Hexagone dans la responsabilit\u00e9 qui a pu \u00eatre la sienne dans les massacres \u00e0 grande \u00e9chelle au Rwanda.<\/em><\/p>\n<p class=\"c4\"><em>\u00a0<\/em><\/p>\n<p class=\"c6\"><strong><em>On peut s\u2019attendre \u00e0 voir s\u2019ouvrir une nouvelle \u00e8re dans les relations entre Kigali et Paris<\/em><\/strong><\/p>\n<p class=\"c4\"><em>\u00a0<\/em><\/p>\n<p class=\"c4\"><em>\u00a0Et du coup, c\u2019est l\u2019image de la gouvernance de Fran\u00e7ois Mitterrand, qui en a pris un s\u00e9rieux coup et l\u2019homme mince de Kigali qui r\u00e9agissait publiquement et pour la premi\u00e8re fois audit rapport, \u00e0 Kigali, s\u2019est fait fort de dire tout le mal qu\u2019il pense de l\u2019Ex\u00e9cutif fran\u00e7ais de l\u2019\u00e9poque. Un gouvernement qui, selon ses dires, \u00e9tait bel et bien au courant de ce qui se pr\u00e9parait et pire, a soutenu l\u2019\u00e9lan g\u00e9nocidaire.\u00a0 C\u2019est tant mieux donc si la France reconna\u00eet sa part de manquements dans ce drame et qui plus est, s\u2019engage dans une dynamique de d\u00e9classification des archives li\u00e9es \u00e0 cette affaire.\u00a0 En tout \u00e9tat de cause, apr\u00e8s le rapprochement amorc\u00e9 de part et d\u2019autre, si le rythme est maintenu, Paris et Kigali devraient pouvoir avoir une \u00ab\u00a0compr\u00e9hension commune\u00a0\u00bb du pass\u00e9, dans l\u2019int\u00e9r\u00eat bien compris des deux capitales qui ne verraient pas d\u2019un mauvais \u0153il, l\u2019\u00e9laboration de nouvelles et heureuses perspectives pour les deux Etats. On peut donc s\u2019attendre, \u00e0 la suite de la publication de ce rapport qui r\u00e9jouit sans doute l\u2019homme fort de Kigali, \u00e0 voir s\u2019ouvrir une nouvelle \u00e8re dans les rapports entre Kigali et Paris.\u00a0 Si son voyage dans la capitale rwandaise, pr\u00e9vu pour le mois prochain comme annonc\u00e9, se confirmait, nul doute que le pr\u00e9sident Emmanuel Macron d\u00e9barquerait au pays des Mille collines, plut\u00f4t moins angoiss\u00e9, que si pas grand-chose n\u2019avait \u00e9t\u00e9 jusque-l\u00e0 fait pour baliser le terrain et \u00a0faciliter le d\u00e9gel. En somme, le rapport Duclert vaut son pesant\u2026 de r\u00e9chauffement entre les deux nations.<\/em><\/p>\n<p class=\"c4\"><em>\u00a0<\/em><\/p>\n<p class=\"c6\"><strong><em>CBS<\/em><\/strong><\/p>\n<p>Auteur: Editions LEPAYS<br \/>\n<a href=\"https:\/\/lepays.bf\/axe-paris-kigali\/\">Cliquez ici pour lire l&rsquo;article depuis sa source.<\/a><\/p>\n","protected":false},"excerpt":{"rendered":"<p>C\u2019est parti pour les comm\u00e9morations du g\u00e9nocide des Tutsis au Rwanda. Depuis le 7 avril dernier, et ce durant 100 jours, Kigali s\u2019animera et se rappellera au mauvais souvenir de son lourd et tragique pass\u00e9 qui aura profond\u00e9ment choqu\u00e9 la conscience humaine. Voil\u00e0, en effet, vingt-sept ans d\u00e9j\u00e0 que survenait l\u2019une des pires abominations qui [&hellip;]<\/p>\n","protected":false},"author":1813,"featured_media":0,"comment_status":"closed","ping_status":"closed","sticky":false,"template":"","format":"standard","meta":{"fifu_image_url":"","fifu_image_alt":"","footnotes":""},"categories":[73,81],"tags":[],"class_list":["post-114516","post","type-post","status-publish","format-standard","hentry","category-actualite","category-burkina-faso"],"_links":{"self":[{"href":"https:\/\/linitiative.ca\/International\/wp-json\/wp\/v2\/posts\/114516","targetHints":{"allow":["GET"]}}],"collection":[{"href":"https:\/\/linitiative.ca\/International\/wp-json\/wp\/v2\/posts"}],"about":[{"href":"https:\/\/linitiative.ca\/International\/wp-json\/wp\/v2\/types\/post"}],"author":[{"embeddable":true,"href":"https:\/\/linitiative.ca\/International\/wp-json\/wp\/v2\/users\/1813"}],"replies":[{"embeddable":true,"href":"https:\/\/linitiative.ca\/International\/wp-json\/wp\/v2\/comments?post=114516"}],"version-history":[{"count":0,"href":"https:\/\/linitiative.ca\/International\/wp-json\/wp\/v2\/posts\/114516\/revisions"}],"wp:attachment":[{"href":"https:\/\/linitiative.ca\/International\/wp-json\/wp\/v2\/media?parent=114516"}],"wp:term":[{"taxonomy":"category","embeddable":true,"href":"https:\/\/linitiative.ca\/International\/wp-json\/wp\/v2\/categories?post=114516"},{"taxonomy":"post_tag","embeddable":true,"href":"https:\/\/linitiative.ca\/International\/wp-json\/wp\/v2\/tags?post=114516"}],"curies":[{"name":"wp","href":"https:\/\/api.w.org\/{rel}","templated":true}]}}