{"id":114517,"date":"2021-04-06T17:58:04","date_gmt":"2021-04-06T21:58:04","guid":{"rendered":"https:\/\/linitiative.ca\/International\/covid-19-et-changement-climatique-en-afrique-il-y-a-urgence-a-agir-selon-roch-marc-christian-kabore\/"},"modified":"2021-04-06T17:58:04","modified_gmt":"2021-04-06T21:58:04","slug":"covid-19-et-changement-climatique-en-afrique-il-y-a-urgence-a-agir-selon-roch-marc-christian-kabore","status":"publish","type":"post","link":"https:\/\/linitiative.ca\/International\/covid-19-et-changement-climatique-en-afrique-il-y-a-urgence-a-agir-selon-roch-marc-christian-kabore\/","title":{"rendered":"COVID-19 et changement climatique en Afrique  : \u00ab Il y a urgence \u00e0 agir \u00bb, selon  Roch Marc Christian Kabor\u00e9"},"content":{"rendered":"<div class=\"td-post-featured-image\"><a href=\"https:\/\/www.sidwaya.info\/wp-content\/uploads\/2021\/04\/1-15.jpg\" data-caption=\"\"><img loading=\"lazy\" decoding=\"async\" width=\"595\" height=\"446\" class=\"entry-thumb td-modal-image\" src=\"https:\/\/www.sidwaya.info\/wp-content\/uploads\/2021\/04\/1-15.jpg\" srcset=\"https:\/\/www.sidwaya.info\/wp-content\/uploads\/2021\/04\/1-15.jpg 595w, https:\/\/www.sidwaya.info\/wp-content\/uploads\/2021\/04\/1-15-300x225.jpg 300w, https:\/\/www.sidwaya.info\/wp-content\/uploads\/2021\/04\/1-15-150x112.jpg 150w, https:\/\/www.sidwaya.info\/wp-content\/uploads\/2021\/04\/1-15-560x420.jpg 560w, https:\/\/www.sidwaya.info\/wp-content\/uploads\/2021\/04\/1-15-80x60.jpg 80w, https:\/\/www.sidwaya.info\/wp-content\/uploads\/2021\/04\/1-15-265x198.jpg 265w\" sizes=\"auto, (max-width: 595px) 100vw, 595px\" alt=\"\" title=\"1\"\/><\/a><\/div>\n<p><strong>Le Pr\u00e9sident du Faso, Roch Marc Christian Kabor\u00e9, a particip\u00e9 par visioconf\u00e9rence au \u00ab dialogue des leaders sur l\u2019urgence COVID-19 et climatique en Afrique \u00bb le mardi 6 avril 2021. La rencontre a regroup\u00e9 des chefs d\u2019Etat africains et des responsables d\u2019institutions internationales.<\/strong><\/p>\n<p>Face \u00e0 la COVID-19 et au changement climatique, il y a urgence \u00e0 agir. C\u2019est le message que le Pr\u00e9sident du Faso, Roch Marc Christian Kabor\u00e9, a livr\u00e9 au cours de son intervention dans le cadre du \u00ab dialogue des leaders sur l\u2019urgence COVID-19 et climatique en Afrique \u00bb, tenu le mardi 6 avril 2021 par visioconf\u00e9rence. Dans le point de presse, anim\u00e9 par le ministre de l\u2019Environnement, de l\u2019Economie verte et du Changement climatique, Sim\u00e9on Sawadogo, il ressort que le pr\u00e9sident du Faso a insist\u00e9 sur les d\u00e9g\u00e2ts que le changement climatique peut produire \u00e0 travers les inondations, les s\u00e9cheresses, les changements de pluviom\u00e9trie \u00e0 travers non seulement pour l\u2019Afrique, mais pour le monde entier. \u00ab Il y a des mesures que le gouvernement du Burkina Faso a prises face \u00e0 la COVID-19 tendant \u00e0 att\u00e9nuer l\u2019ensemble de ses effets et en mati\u00e8re de protection de l\u2019environnement du changement climatique et \u00e0 d\u00e9velopper la r\u00e9silience des populations \u00bb, a pr\u00e9cis\u00e9 le pr\u00e9sident Kabor\u00e9. En ce qui concerne de fa\u00e7on sp\u00e9cifique la COVID-19, le pr\u00e9sident du Faso a indiqu\u00e9 qu\u2019une panoplie d\u2019actions ont \u00e9t\u00e9 entreprises par le minist\u00e8re de la Sant\u00e9 pour pouvoir parer aux diff\u00e9rentes difficult\u00e9s.<\/p>\n<p>Il a cit\u00e9 la question de la vaccination o\u00f9 il pense qu\u2019il y a n\u00e9cessit\u00e9 d\u2019accompagner l\u2019Afrique. Le chef de l\u2019Etat burkinab\u00e8 a dit s\u2019inscrire dans les diff\u00e9rentes orientations qui ont \u00e9t\u00e9 propos\u00e9es par l\u2019Union africaine en cr\u00e9ant trois commissions qui vont travailler sur la COVID-19 et sur le changement climatique. Il a \u00e9galement souhait\u00e9 qu\u2019il y ait une mobilisation au niveau international pour que l\u2019Afrique puisse b\u00e9n\u00e9ficier d\u2019un appui cons\u00e9quent. Qu\u2019en est-il de l\u2019ouverture des fronti\u00e8res ? \u00abAu cours de ces \u00e9changes de haut niveau, la question n\u2019est pas pos\u00e9e en termes de voyage d\u2019un pays \u00e0 un autre. La question pos\u00e9e \u00e9tait : qu\u2019est-ce qui est fait pour parer \u00e0 cette urgence sanitaire \u00bb, a r\u00e9pondu le ministre de l\u2019Environnement. Il a rappel\u00e9 que lors du dernier sommet de l\u2019Union \u00e9conomique et mon\u00e9taire ouest-africaine, le pr\u00e9sident du Faso avait inform\u00e9 que les fronti\u00e8res allaient \u00eatre ouvertes de fa\u00e7on progressive dans des conditions sanitaires acceptables.<\/p>\n<p class=\"c1\"><strong>Pat\u00e9n\u00e9ma Oumar OUEDRAOGO<\/strong><\/p>\n<div class=\"td-a-rec td-a-rec-id-content_bottom tdi_33_cac td_block_template_1\">\n<p><img loading=\"lazy\" decoding=\"async\" class=\"aligncenter size-full wp-image-27454\" src=\"https:\/\/www.sidwaya.info\/wp-content\/uploads\/2020\/10\/PUB-Bandeau-paiement-mobile-siteweb.jpg\" alt=\"\" width=\"728\" height=\"90\"\/><\/div>\n<p>Auteur: BM. Sidwaya<br \/>\n<a href=\"https:\/\/www.sidwaya.info\/blog\/2021\/04\/06\/covid-19-et-changement-climatique-en-afrique-il-y-a-urgence-a-agir-selon-roch-marc-christian-kabore\/\">Cliquez ici pour lire l&rsquo;article depuis sa source.<\/a><\/p>\n","protected":false},"excerpt":{"rendered":"<p>Le Pr\u00e9sident du Faso, Roch Marc Christian Kabor\u00e9, a particip\u00e9 par visioconf\u00e9rence au \u00ab dialogue des leaders sur l\u2019urgence COVID-19 et climatique en Afrique \u00bb le mardi 6 avril 2021. La rencontre a regroup\u00e9 des chefs d\u2019Etat africains et des responsables d\u2019institutions internationales. Face \u00e0 la COVID-19 et au changement climatique, il y a urgence [&hellip;]<\/p>\n","protected":false},"author":1816,"featured_media":0,"comment_status":"closed","ping_status":"closed","sticky":false,"template":"","format":"standard","meta":{"fifu_image_url":"https:\/\/www.sidwaya.info\/wp-content\/uploads\/2021\/04\/1-15.jpg","fifu_image_alt":"COVID-19 et changement climatique en Afrique  : \u00ab Il y a urgence \u00e0 agir \u00bb, selon  Roch Marc Christian Kabor\u00e9","footnotes":""},"categories":[73,81],"tags":[],"class_list":["post-114517","post","type-post","status-publish","format-standard","hentry","category-actualite","category-burkina-faso"],"_links":{"self":[{"href":"https:\/\/linitiative.ca\/International\/wp-json\/wp\/v2\/posts\/114517","targetHints":{"allow":["GET"]}}],"collection":[{"href":"https:\/\/linitiative.ca\/International\/wp-json\/wp\/v2\/posts"}],"about":[{"href":"https:\/\/linitiative.ca\/International\/wp-json\/wp\/v2\/types\/post"}],"author":[{"embeddable":true,"href":"https:\/\/linitiative.ca\/International\/wp-json\/wp\/v2\/users\/1816"}],"replies":[{"embeddable":true,"href":"https:\/\/linitiative.ca\/International\/wp-json\/wp\/v2\/comments?post=114517"}],"version-history":[{"count":0,"href":"https:\/\/linitiative.ca\/International\/wp-json\/wp\/v2\/posts\/114517\/revisions"}],"wp:attachment":[{"href":"https:\/\/linitiative.ca\/International\/wp-json\/wp\/v2\/media?parent=114517"}],"wp:term":[{"taxonomy":"category","embeddable":true,"href":"https:\/\/linitiative.ca\/International\/wp-json\/wp\/v2\/categories?post=114517"},{"taxonomy":"post_tag","embeddable":true,"href":"https:\/\/linitiative.ca\/International\/wp-json\/wp\/v2\/tags?post=114517"}],"curies":[{"name":"wp","href":"https:\/\/api.w.org\/{rel}","templated":true}]}}