{"id":114522,"date":"2021-04-07T14:18:01","date_gmt":"2021-04-07T18:18:01","guid":{"rendered":"https:\/\/linitiative.ca\/International\/cote-divoire-lancement-dune-formation-visant-les-acteurs-des-assurances\/"},"modified":"2021-04-07T14:18:01","modified_gmt":"2021-04-07T18:18:01","slug":"cote-divoire-lancement-dune-formation-visant-les-acteurs-des-assurances","status":"publish","type":"post","link":"https:\/\/linitiative.ca\/International\/cote-divoire-lancement-dune-formation-visant-les-acteurs-des-assurances\/","title":{"rendered":"C\u00f4te d\u2019Ivoire: lancement d\u2019une formation visant les acteurs des assurances"},"content":{"rendered":"<div readability=\"32\">\n<p>Publi\u00e9 le 07.04.2021 \u00e0 19h18 par APA News<\/p>\n<\/div>\n<div readability=\"79\">\n<p>Un programme de renforcement des capacit\u00e9s des acteurs du secteur des assurances en C\u00f4te d\u2019Ivoire a d\u00e9marr\u00e9 le 24 mars 2021 et devrait s\u2019\u00e9tendre dans la zone CIMA.<\/p>\n<p>Ce programme est assur\u00e9 par Jely Group, un Cabinet de conseil d\u00e9di\u00e9 aux PME. Ce Cabinet a dispens\u00e9 le 24 mars 2021, une formation aux agents g\u00e9n\u00e9raux de la compagnie d\u2019assurances GNA C\u00f4te d\u2019Ivoire sur le th\u00e8me : \u00ab Comment d\u00e9velopper et p\u00e9renniser son entreprise ? \u00bb.<\/p>\n<p>Cette formation est le premier volet de la mise en \u0153uvre d\u2019un important programme de renforcement des capacit\u00e9s qui s\u2019\u00e9tendra \u00e0 tous les acteurs du secteur des assurances en C\u00f4te d\u2019Ivoire et dans la zone de la Conf\u00e9rence Interafricaine des March\u00e9s d\u2019Assurance\u00a0(CIMA).<\/p>\n<p>La s\u00e9ance s\u2019est tenue au si\u00e8ge de l\u2019Association des soci\u00e9t\u00e9s d\u2019Assurances de C\u00f4te d\u2019Ivoire (ASA-CI), et avait pour principal objectif de fournir aux b\u00e9n\u00e9ficiaires les outils n\u00e9cessaires pour accro\u00eetre significativement leur chiffre d\u2019affaires et p\u00e9renniser leurs activit\u00e9s.<\/p>\n<p>M. Mamadou Kouyat\u00e9, Managing Partner du groupe a instruit les agents sur la th\u00e9matique retenue. Il a abord\u00e9 lors de cette session des modules tels que les strat\u00e9gies de d\u00e9veloppement commercial dans un environnement fortement concurrentiel.<\/p>\n<p>\u00a0Il a \u00e9galement form\u00e9 les agents sur la gestion de la satisfaction client, les politiques de communication B to C, la gestion du capital humain et la recherche de financement.<\/p>\n<p>Selon lui, \u00ab les agents g\u00e9n\u00e9raux sont le fer de lance de la strat\u00e9gie commerciale d\u2019une compagnie d\u2019assurance qui veut s\u2019inscrire dans la dur\u00e9e\u00a0\u00bb.<\/p>\n<p>A cet effet, il a invit\u00e9 les compagnies d\u2019assurance \u00e0 donner \u00e0 leur personnel \u00ab\u00a0les outils de gestion qui vont leur permettre de grandir et de laisser un capital solide aux g\u00e9n\u00e9rations futures\u00a0\u00bb.\u00a0<\/p>\n<p>Ce projet devrait par ailleurs permettre \u00e0 la zone CIMA de disposer d&rsquo;\u00a0\u00bbagents g\u00e9n\u00e9raux robustes \u00e0 m\u00eame de devenir des champions locaux et soutenant ainsi leurs compagnies respectives\u00a0\u00bb, a-t-il poursuivi.<\/p>\n<p>GNA Assurances a r\u00e9alis\u00e9, en 2020, plus de 10 millions de Dollars US de chiffre d\u2019affaires selon les chiffres provisoires de l\u2019ASA-CI, soit une progression de plus de 130% par rapport \u00e0 l\u2019ann\u00e9e pr\u00e9c\u00e9dente.<\/p>\n<\/div>\n<p>Auteur: APA News<br \/>\n<a href=\"https:\/\/www.journalducameroun.com\/cote-divoire-lancement-dune-formation-visant-les-acteurs-des-assurances\/\">Cliquez ici pour lire l&rsquo;article depuis sa source.<\/a><\/p>\n","protected":false},"excerpt":{"rendered":"<p>Publi\u00e9 le 07.04.2021 \u00e0 19h18 par APA News Un programme de renforcement des capacit\u00e9s des acteurs du secteur des assurances en C\u00f4te d\u2019Ivoire a d\u00e9marr\u00e9 le 24 mars 2021 et devrait s\u2019\u00e9tendre dans la zone CIMA. Ce programme est assur\u00e9 par Jely Group, un Cabinet de conseil d\u00e9di\u00e9 aux PME. Ce Cabinet a dispens\u00e9 le [&hellip;]<\/p>\n","protected":false},"author":1965,"featured_media":0,"comment_status":"closed","ping_status":"closed","sticky":false,"template":"","format":"standard","meta":{"fifu_image_url":"","fifu_image_alt":"","footnotes":""},"categories":[73,82],"tags":[],"class_list":["post-114522","post","type-post","status-publish","format-standard","hentry","category-actualite","category-cameroun"],"_links":{"self":[{"href":"https:\/\/linitiative.ca\/International\/wp-json\/wp\/v2\/posts\/114522","targetHints":{"allow":["GET"]}}],"collection":[{"href":"https:\/\/linitiative.ca\/International\/wp-json\/wp\/v2\/posts"}],"about":[{"href":"https:\/\/linitiative.ca\/International\/wp-json\/wp\/v2\/types\/post"}],"author":[{"embeddable":true,"href":"https:\/\/linitiative.ca\/International\/wp-json\/wp\/v2\/users\/1965"}],"replies":[{"embeddable":true,"href":"https:\/\/linitiative.ca\/International\/wp-json\/wp\/v2\/comments?post=114522"}],"version-history":[{"count":0,"href":"https:\/\/linitiative.ca\/International\/wp-json\/wp\/v2\/posts\/114522\/revisions"}],"wp:attachment":[{"href":"https:\/\/linitiative.ca\/International\/wp-json\/wp\/v2\/media?parent=114522"}],"wp:term":[{"taxonomy":"category","embeddable":true,"href":"https:\/\/linitiative.ca\/International\/wp-json\/wp\/v2\/categories?post=114522"},{"taxonomy":"post_tag","embeddable":true,"href":"https:\/\/linitiative.ca\/International\/wp-json\/wp\/v2\/tags?post=114522"}],"curies":[{"name":"wp","href":"https:\/\/api.w.org\/{rel}","templated":true}]}}