{"id":114523,"date":"2021-04-07T15:18:03","date_gmt":"2021-04-07T19:18:03","guid":{"rendered":"https:\/\/linitiative.ca\/International\/un-temoin-accable-amede-oueremi-devant-le-tribunal-dabidjan\/"},"modified":"2021-04-07T15:18:03","modified_gmt":"2021-04-07T19:18:03","slug":"un-temoin-accable-amede-oueremi-devant-le-tribunal-dabidjan","status":"publish","type":"post","link":"https:\/\/linitiative.ca\/International\/un-temoin-accable-amede-oueremi-devant-le-tribunal-dabidjan\/","title":{"rendered":"Un t\u00e9moin accable Am\u00e9d\u00e9 Ou\u00e9r\u00e9mi devant le Tribunal d\u2019Abidjan"},"content":{"rendered":"<div readability=\"32\">\n<p>Publi\u00e9 le 07.04.2021 \u00e0 20h18 par APA News<\/p>\n<\/div>\n<div readability=\"84\">\n<p>Un t\u00e9moin a accabl\u00e9, mercredi, l\u2019ex-chef de milice Amad\u00e9 Ou\u00e9r\u00e9mi qui comparait devant le Tribunal de premi\u00e8re instance d\u2019Abidjan dans le cadre du proc\u00e8s des massacres de Du\u00e9kou\u00e9.<\/p>\n<p>Lors de son passage \u00e0 la barre, ce t\u00e9moin qui a requis l\u2019anonymat, a relev\u00e9 que \u00a0\u00abce sont des vieillards qui ont \u00e9t\u00e9 assassin\u00e9s majoritairement par Amad\u00e9 Ou\u00e9remi et ses hommes \u00e0 Du\u00e9kou\u00e9 \u00bb.<\/p>\n<p>\u00ab C\u2019est le groupe d\u2019Amad\u00e9 qui a commis le massacre de Du\u00e9kou\u00e9 et je suis affirmatif\u00bb, a soutenu ce t\u00e9moin, pr\u00e9sentant au \u00a0 \u00a0 \u00a0 \u00a0 \u00a0 \u00a0 \u00a0 \u00a0 Tribunal une centaine de photos des exactions attribu\u00e9es \u00e0 l\u2019accus\u00e9 et ses hommes au moment des faits.<\/p>\n<p>\u00a0\u00ab (\u2026) Quand nous sommes rentr\u00e9s au quartier carrefour, c\u2019\u00e9tait un carnage indescriptible\u00bb, a-t-il ajout\u00e9, affirmant avoir comptabilis\u00e9 et photographi\u00e9 265 corps apr\u00e8s ces tueries de Du\u00e9kou\u00e9.<\/p>\n<p>Rappelant les abus d\u2019Amad\u00e9 Ou\u00e9r\u00e9mi et ses hommes dans l\u2019ouest ivoirien \u00e0 cette \u00e9poque, ce t\u00e9moin a indiqu\u00e9 qu\u2019au moment des faits, celui-ci, \u00abplus qu\u2019un seigneur, \u00e9tait le roi de la for\u00eat du mont P\u00e9ko (ouest ivoirien)\u00bb.<\/p>\n<p>A son tour, l\u2019accus\u00e9 Amad\u00e9 Ou\u00e9r\u00e9mi a ni\u00e9 en bloc les accusations port\u00e9es contre lui. \u00a0\u00ab C\u2019est parce que je suis un Burkinab\u00e8 au milieu des ivoiriens qu\u2019on m\u2019accuse de ce massacre \u00bb, a-t-estim\u00e9.<\/p>\n<p>Poursuivant, M. Ou\u00e9r\u00e9mi a imput\u00e9 la responsabilit\u00e9 de la crise post-\u00e9lectorale ivoirienne de 2010-2011 aux acteurs politiques dont le pr\u00e9sident Alassane Ouattara et l\u2019ex-pr\u00e9sident Laurent Gbagbo.<\/p>\n<p>Le proc\u00e8s de l\u2019ex-chef de milice, Amad\u00e9 Ou\u00e9r\u00e9mi qui est accus\u00e9 de crimes de guerre commis pendant la crise post-\u00e9lectorale ivoirienne de 2010-2011 \u00e0 Du\u00e9kou\u00e9 (Ouest ivoirien), s\u2019est ouvert le 24 mars dernier devant le Tribunal criminel d\u2019Abidjan plus de sept ans apr\u00e8s son arrestation.<\/p>\n<p>Ag\u00e9 de 57 ans, Amad\u00e9 Ou\u00e9r\u00e9mi a occup\u00e9 pendant plusieurs ann\u00e9es la for\u00eat du mont P\u00e9ko dans l\u2019ouest ivoirien.<\/p>\n<\/div>\n<p>Auteur: APA News<br \/>\n<a href=\"https:\/\/www.journalducameroun.com\/un-temoin-accable-amede-oueremi-devant-le-tribunal-dabidjan\/\">Cliquez ici pour lire l&rsquo;article depuis sa source.<\/a><\/p>\n","protected":false},"excerpt":{"rendered":"<p>Publi\u00e9 le 07.04.2021 \u00e0 20h18 par APA News Un t\u00e9moin a accabl\u00e9, mercredi, l\u2019ex-chef de milice Amad\u00e9 Ou\u00e9r\u00e9mi qui comparait devant le Tribunal de premi\u00e8re instance d\u2019Abidjan dans le cadre du proc\u00e8s des massacres de Du\u00e9kou\u00e9. Lors de son passage \u00e0 la barre, ce t\u00e9moin qui a requis l\u2019anonymat, a relev\u00e9 que \u00a0\u00abce sont des [&hellip;]<\/p>\n","protected":false},"author":1965,"featured_media":0,"comment_status":"closed","ping_status":"closed","sticky":false,"template":"","format":"standard","meta":{"fifu_image_url":"","fifu_image_alt":"","footnotes":""},"categories":[73,82],"tags":[],"class_list":["post-114523","post","type-post","status-publish","format-standard","hentry","category-actualite","category-cameroun"],"_links":{"self":[{"href":"https:\/\/linitiative.ca\/International\/wp-json\/wp\/v2\/posts\/114523","targetHints":{"allow":["GET"]}}],"collection":[{"href":"https:\/\/linitiative.ca\/International\/wp-json\/wp\/v2\/posts"}],"about":[{"href":"https:\/\/linitiative.ca\/International\/wp-json\/wp\/v2\/types\/post"}],"author":[{"embeddable":true,"href":"https:\/\/linitiative.ca\/International\/wp-json\/wp\/v2\/users\/1965"}],"replies":[{"embeddable":true,"href":"https:\/\/linitiative.ca\/International\/wp-json\/wp\/v2\/comments?post=114523"}],"version-history":[{"count":0,"href":"https:\/\/linitiative.ca\/International\/wp-json\/wp\/v2\/posts\/114523\/revisions"}],"wp:attachment":[{"href":"https:\/\/linitiative.ca\/International\/wp-json\/wp\/v2\/media?parent=114523"}],"wp:term":[{"taxonomy":"category","embeddable":true,"href":"https:\/\/linitiative.ca\/International\/wp-json\/wp\/v2\/categories?post=114523"},{"taxonomy":"post_tag","embeddable":true,"href":"https:\/\/linitiative.ca\/International\/wp-json\/wp\/v2\/tags?post=114523"}],"curies":[{"name":"wp","href":"https:\/\/api.w.org\/{rel}","templated":true}]}}