{"id":114524,"date":"2021-04-07T15:18:04","date_gmt":"2021-04-07T19:18:04","guid":{"rendered":"https:\/\/linitiative.ca\/International\/afrique-le-deficit-de-culture-democratique-a-lorigine-des-crises-electorales-chercheur\/"},"modified":"2021-04-07T15:18:04","modified_gmt":"2021-04-07T19:18:04","slug":"afrique-le-deficit-de-culture-democratique-a-lorigine-des-crises-electorales-chercheur","status":"publish","type":"post","link":"https:\/\/linitiative.ca\/International\/afrique-le-deficit-de-culture-democratique-a-lorigine-des-crises-electorales-chercheur\/","title":{"rendered":"Afrique : \u00ab le d\u00e9ficit de culture d\u00e9mocratique \u00bb \u00e0 l\u2019origine des crises \u00e9lectorales (chercheur)"},"content":{"rendered":"<div readability=\"32\">\n<p>Publi\u00e9 le 07.04.2021 \u00e0 20h18 par APA News<\/p>\n<\/div>\n<div readability=\"96\">\n<p>Sur le continent noir, la lutte pour le pouvoir donne souvent lieu \u00e0 des \u00e9lections sous haute tension. Pour Gilles Yabi, analyste politique, il faut couper le mal \u00e0 la racine.Du diagnostic du fondateur du Think tank Wathi, il ressort que \u00ab le d\u00e9ficit de culture d\u00e9mocratique \u00bb a plong\u00e9 un certain nombre de pays africains dans des violences \u00e9lectorales r\u00e9currentes.<\/p>\n<p>Pour que les scrutins, surtout la pr\u00e9sidentielle, ne soient plus des moments d\u2019instabilit\u00e9, Gilles Yabi propose un rem\u00e8de : \u00ab Il faut investir dans les dimensions non \u00e9lectorales de la d\u00e9mocratie. Il s\u2019agit notamment de l\u2019\u00e9ducation civique, de la culture politique, de la qualit\u00e9 de l\u2019offre politique et de toutes les institutions impliqu\u00e9es dans l\u2019organisation des \u00e9lections. Il faut toujours penser \u00e0 ces \u00e9l\u00e9ments m\u00eame si on n\u2019est pas en p\u00e9riode \u00e9lectorale \u00bb.<\/p>\n<p>S\u2019exprimant ce mercredi 7 avril \u00e0 Dakar, en marge de la conf\u00e9rence de presse de Partners West Africa S\u00e9n\u00e9gal qui pr\u00e9pare un hommage au G\u00e9n\u00e9ral Lamine Ciss\u00e9, le sp\u00e9cialiste des questions politiques a d\u00e9conseill\u00e9 la recherche de \u00ab solutions faciles \u00bb.<\/p>\n<p>Par rapport au troisi\u00e8me mandat ayant divis\u00e9 des pays africains, M. Yabi a soutenu que cette qu\u00eate prouve \u00ab le manque d\u2019\u00e9thique dans la gestion des affaires publiques\u00a0\u00bb, non sans mentionner qu\u2019 \u00ab on ne peut pas consolider la d\u00e9mocratie si les gouvernants n\u2019ont pas de culture d\u00e9mocratique\u00a0\u00bb.<\/p>\n<p>Les sources d\u2019instabilit\u00e9 sont \u00e0 \u00e9viter en Afrique de l\u2019Ouest d\u2019autant plus que les mouvements jihadistes y s\u00e9vissent d\u00e9j\u00e0. De l\u2019avis du politologue, la r\u00e9gion est confront\u00e9e \u00e0 d\u2019 \u00ab \u00e9normes d\u00e9fis s\u00e9curitaires \u00bb qui pourraient se corser \u00ab davantage dans le futur \u00bb.<\/p>\n<p>Pour que cette pr\u00e9diction ne se r\u00e9alise pas, le Directeur ex\u00e9cutif de Wathi a invit\u00e9 \u00e0 repenser la relation entre les gouvernants et les gouvern\u00e9s. \u00ab La r\u00e9ponse strictement militaire ne suffit pas \u00e0 r\u00e9gler durablement les probl\u00e8mes de s\u00e9curit\u00e9. On le voit bien au Sahel. Il faut \u00e9galement une approche politique, sociale et \u00e9conomique \u00bb, a-t-il pr\u00e9conis\u00e9.<\/p>\n<p>Dans le cadre de la c\u00e9l\u00e9bration du second anniversaire de la disparition du G\u00e9n\u00e9ral Lamine Ciss\u00e9 (1939-2019), Partners West Africa S\u00e9n\u00e9gal, dont il fut le tout premier pr\u00e9sident du Conseil d\u2019administration, organise un colloque international le 16 avril prochain dans la capitale s\u00e9n\u00e9galaise.<\/p>\n<p>Le th\u00e8me retenu pour ces activit\u00e9s de r\u00e9flexion en mixte, pr\u00e9sentiel et d\u00e9mat\u00e9rialis\u00e9 est \u00ab L\u2019int\u00e9grit\u00e9, l\u2019\u00e9thique et la bonne gouvernance au service de la paix et de la s\u00e9curit\u00e9, sur la voie trac\u00e9e par un homme d\u2019exception : le G\u00e9n\u00e9ral Lamine Ciss\u00e9 \u00bb.<\/p>\n<p>Ce dernier fut notamment ministre de l\u2019Int\u00e9rieur du S\u00e9n\u00e9gal, Chef d\u2019Etat-Major G\u00e9n\u00e9ral des Arm\u00e9es du S\u00e9n\u00e9gal, Repr\u00e9sentant sp\u00e9cial du Secr\u00e9taire G\u00e9n\u00e9ral des Nations Unies en Centrafrique et Secr\u00e9taire G\u00e9n\u00e9ral des Nations Unies en Afrique de l\u2019Ouest.<\/p>\n<\/div>\n<p>Auteur: APA News<br \/>\n<a href=\"https:\/\/www.journalducameroun.com\/afrique-le-deficit-de-culture-democratique-a-lorigine-des-crises-electorales-chercheur\/\">Cliquez ici pour lire l&rsquo;article depuis sa source.<\/a><\/p>\n","protected":false},"excerpt":{"rendered":"<p>Publi\u00e9 le 07.04.2021 \u00e0 20h18 par APA News Sur le continent noir, la lutte pour le pouvoir donne souvent lieu \u00e0 des \u00e9lections sous haute tension. Pour Gilles Yabi, analyste politique, il faut couper le mal \u00e0 la racine.Du diagnostic du fondateur du Think tank Wathi, il ressort que \u00ab le d\u00e9ficit de culture d\u00e9mocratique [&hellip;]<\/p>\n","protected":false},"author":1965,"featured_media":0,"comment_status":"closed","ping_status":"closed","sticky":false,"template":"","format":"standard","meta":{"fifu_image_url":"","fifu_image_alt":"","footnotes":""},"categories":[73,82],"tags":[],"class_list":["post-114524","post","type-post","status-publish","format-standard","hentry","category-actualite","category-cameroun"],"_links":{"self":[{"href":"https:\/\/linitiative.ca\/International\/wp-json\/wp\/v2\/posts\/114524","targetHints":{"allow":["GET"]}}],"collection":[{"href":"https:\/\/linitiative.ca\/International\/wp-json\/wp\/v2\/posts"}],"about":[{"href":"https:\/\/linitiative.ca\/International\/wp-json\/wp\/v2\/types\/post"}],"author":[{"embeddable":true,"href":"https:\/\/linitiative.ca\/International\/wp-json\/wp\/v2\/users\/1965"}],"replies":[{"embeddable":true,"href":"https:\/\/linitiative.ca\/International\/wp-json\/wp\/v2\/comments?post=114524"}],"version-history":[{"count":0,"href":"https:\/\/linitiative.ca\/International\/wp-json\/wp\/v2\/posts\/114524\/revisions"}],"wp:attachment":[{"href":"https:\/\/linitiative.ca\/International\/wp-json\/wp\/v2\/media?parent=114524"}],"wp:term":[{"taxonomy":"category","embeddable":true,"href":"https:\/\/linitiative.ca\/International\/wp-json\/wp\/v2\/categories?post=114524"},{"taxonomy":"post_tag","embeddable":true,"href":"https:\/\/linitiative.ca\/International\/wp-json\/wp\/v2\/tags?post=114524"}],"curies":[{"name":"wp","href":"https:\/\/api.w.org\/{rel}","templated":true}]}}