{"id":114525,"date":"2021-04-07T15:18:05","date_gmt":"2021-04-07T19:18:05","guid":{"rendered":"https:\/\/linitiative.ca\/International\/cote-divoire-2500-militants-attendus-a-la-celebration-de-lan-75-du-pdci\/"},"modified":"2021-04-07T15:18:05","modified_gmt":"2021-04-07T19:18:05","slug":"cote-divoire-2500-militants-attendus-a-la-celebration-de-lan-75-du-pdci","status":"publish","type":"post","link":"https:\/\/linitiative.ca\/International\/cote-divoire-2500-militants-attendus-a-la-celebration-de-lan-75-du-pdci\/","title":{"rendered":"C\u00f4te d\u2019Ivoire: 2500 militants attendus \u00e0 la c\u00e9l\u00e9bration de l\u2019an 75 du Pdci"},"content":{"rendered":"<div readability=\"32\">\n<p>Publi\u00e9 le 07.04.2021 \u00e0 20h18 par APA News<\/p>\n<\/div>\n<div readability=\"92\">\n<p>Le Parti d\u00e9mocratique de C\u00f4te d\u2019Ivoire (Pdci, opposition) a annonc\u00e9 mercredi la c\u00e9l\u00e9bration de son 75e anniversaire, dont le lancement et pr\u00e9vu samedi \u00e0 son si\u00e8ge \u00e0 Abidjan, o\u00f9 sont attendus 2500 militants.<\/p>\n<p>L\u2019information a \u00e9t\u00e9 donn\u00e9e, au si\u00e8ge du parti \u00e0 Cocody, une cit\u00e9 hupp\u00e9e dans l\u2019Est d\u2019Abidjan, par le pr\u00e9sident du Comit\u00e9 d\u2019organisation des festivit\u00e9s, Kamagat\u00e9 Brahima, lors d\u2019une conf\u00e9rence de presse. \u00a0 \u00a0\u00a0<\/p>\n<p>M. Kamagat\u00e9 a pr\u00e9cis\u00e9 que le vendredi 09 avril 2021, le Pdci-Rda aura 75 ans, mais les festivit\u00e9s auront lieu samedi \u00e0 la Maison du parti. Les grandes articulations de cette c\u00e9l\u00e9bration, elles, \u00a0s\u2019\u00e9tendront toutefois du 09 avril au 18 octobre 2021.\u00a0<\/p>\n<p>Il s\u2019est f\u00e9licit\u00e9 de cette long\u00e9vit\u00e9 du parti qui est \u00e0 mettre au compte du g\u00e9nie politique du p\u00e8re fondateur, le premier pr\u00e9sident ivoirien F\u00e9lix Houphou\u00ebt-Boigny, mais aussi de la clairvoyance et du leadership de son digne successeur, Henri Konan B\u00e9di\u00e9.<\/p>\n<p>Le pr\u00e9sident du Comit\u00e9 d\u2019organisation a salu\u00e9 en outre \u00ab\u00a0l\u2019engagement sans faille des militants qui ont \u0153uvr\u00e9 chaque jour durant ces longues ann\u00e9es \u00e0 faire du Pdci-Rda, un grand parti, rayonnant et conqu\u00e9rant\u00a0\u00bb.\u00a0<\/p>\n<p>La direction du parti, dira-t-il, a d\u00e9cid\u00e9 de \u00ab\u00a0c\u00e9l\u00e9brer ce soixante quinzi\u00e8me anniversaire dans la pri\u00e8re, le recueillement et la r\u00e9flexion, une c\u00e9l\u00e9bration dans la sobri\u00e9t\u00e9\u00a0\u00bb. Cet anniversaire se tient par ailleurs dans un contexte de Covid-19. \u00a0<\/p>\n<p>Le secr\u00e9taire ex\u00e9cutif du Pdci, Maurice Kakou Guikahu\u00e9, est le coordinateur g\u00e9n\u00e9ral de l\u2019organisation de cet \u00e9v\u00e9nement dont le lancement aura lieu \u00e0 la place Henri Konan B\u00e9di\u00e9 de la Maison du parti, \u00e0 Cocody, samedi.\u00a0<\/p>\n<p>Le pr\u00e9sident du parti, l\u2019ancien chef d\u2019Etat ivoirien Henri Konan B\u00e9di\u00e9, est annonc\u00e9 \u00e0 ces festivit\u00e9s, o\u00f9 sont aussi attendus entre autres les vice-pr\u00e9sidents du parti, le Comit\u00e9 des Sages, les d\u00e9l\u00e9gu\u00e9s d\u00e9partementaux et communaux.<\/p>\n<\/div>\n<p>Auteur: APA News<br \/>\n<a href=\"https:\/\/www.journalducameroun.com\/cote-divoire-2500-militants-attendus-a-la-celebration-de-lan-75-du-pdci\/\">Cliquez ici pour lire l&rsquo;article depuis sa source.<\/a><\/p>\n","protected":false},"excerpt":{"rendered":"<p>Publi\u00e9 le 07.04.2021 \u00e0 20h18 par APA News Le Parti d\u00e9mocratique de C\u00f4te d\u2019Ivoire (Pdci, opposition) a annonc\u00e9 mercredi la c\u00e9l\u00e9bration de son 75e anniversaire, dont le lancement et pr\u00e9vu samedi \u00e0 son si\u00e8ge \u00e0 Abidjan, o\u00f9 sont attendus 2500 militants. L\u2019information a \u00e9t\u00e9 donn\u00e9e, au si\u00e8ge du parti \u00e0 Cocody, une cit\u00e9 hupp\u00e9e dans [&hellip;]<\/p>\n","protected":false},"author":1965,"featured_media":0,"comment_status":"closed","ping_status":"closed","sticky":false,"template":"","format":"standard","meta":{"fifu_image_url":"","fifu_image_alt":"","footnotes":""},"categories":[73,82],"tags":[],"class_list":["post-114525","post","type-post","status-publish","format-standard","hentry","category-actualite","category-cameroun"],"_links":{"self":[{"href":"https:\/\/linitiative.ca\/International\/wp-json\/wp\/v2\/posts\/114525","targetHints":{"allow":["GET"]}}],"collection":[{"href":"https:\/\/linitiative.ca\/International\/wp-json\/wp\/v2\/posts"}],"about":[{"href":"https:\/\/linitiative.ca\/International\/wp-json\/wp\/v2\/types\/post"}],"author":[{"embeddable":true,"href":"https:\/\/linitiative.ca\/International\/wp-json\/wp\/v2\/users\/1965"}],"replies":[{"embeddable":true,"href":"https:\/\/linitiative.ca\/International\/wp-json\/wp\/v2\/comments?post=114525"}],"version-history":[{"count":0,"href":"https:\/\/linitiative.ca\/International\/wp-json\/wp\/v2\/posts\/114525\/revisions"}],"wp:attachment":[{"href":"https:\/\/linitiative.ca\/International\/wp-json\/wp\/v2\/media?parent=114525"}],"wp:term":[{"taxonomy":"category","embeddable":true,"href":"https:\/\/linitiative.ca\/International\/wp-json\/wp\/v2\/categories?post=114525"},{"taxonomy":"post_tag","embeddable":true,"href":"https:\/\/linitiative.ca\/International\/wp-json\/wp\/v2\/tags?post=114525"}],"curies":[{"name":"wp","href":"https:\/\/api.w.org\/{rel}","templated":true}]}}