{"id":114527,"date":"2021-04-07T08:05:28","date_gmt":"2021-04-07T12:05:28","guid":{"rendered":"https:\/\/linitiative.ca\/International\/assemblee-nationale-le-deces-de-alim-hayatou-paralyse-les-travaux\/"},"modified":"2021-04-07T08:05:28","modified_gmt":"2021-04-07T12:05:28","slug":"assemblee-nationale-le-deces-de-alim-hayatou-paralyse-les-travaux","status":"publish","type":"post","link":"https:\/\/linitiative.ca\/International\/assemblee-nationale-le-deces-de-alim-hayatou-paralyse-les-travaux\/","title":{"rendered":"Assembl\u00e9e nationale: le d\u00e9c\u00e8s de Alim Hayatou paralyse les travaux"},"content":{"rendered":"<div class=\"featured-area featured-area-inner\">\n<figure class=\"single-featured-image\">\n<p><img loading=\"lazy\" decoding=\"async\" width=\"780\" height=\"470\" src=\"https:\/\/ecomatin.net\/wp-content\/uploads\/2021\/04\/WhatsApp-Image-2021-04-07-at-13.02.34-780x470.jpeg\" class=\"attachment-jannah-image-post size-jannah-image-post wp-post-image\" alt=\"\" is_main_img=\"1\"\/><\/p>\n<\/figure>\n<\/div>\n<div class=\"entry-content entry clearfix\" readability=\"60\">\n<p>La Chambre Basse du Parlement a \u00e9t\u00e9 impact\u00e9e par le d\u00e9c\u00e8s du Secr\u00e9taire d\u2019Etat aupr\u00e8s du ministre de la Sant\u00e9 publique charg\u00e9 de la lutte contre les \u00e9pid\u00e9mies et les pand\u00e9mies. En effet, la disparition de Alim Hayatou ce 5 avril 2021, a pouss\u00e9 l\u2019Assembl\u00e9e nationale \u00e0 annuler une s\u00e9ance pl\u00e9ni\u00e8re. \u00ab\u00a0Le Secr\u00e9taire g\u00e9n\u00e9ral de l\u2019Assembl\u00e9e nationale informe les honorables d\u00e9put\u00e9s que, suite au d\u00e9c\u00e8s du Secr\u00e9taire d\u2019Etat aupr\u00e8s du ministre de la Sant\u00e9 publique, charg\u00e9 de la lutte contre les \u00e9pid\u00e9mies et les pand\u00e9mies, la s\u00e9ance pl\u00e9ni\u00e8re sp\u00e9ciale sur la couverture sant\u00e9 universelle et la vaccination contre la Covid-19, pr\u00e9vue le mardi 6 avril 2021 est annul\u00e9e\u00a0\u00bb\u00a0\u00e9crit Gaston Komba.<\/p>\n<p>Ladite s\u00e9ance devait pourtant permettre au ministre de la Sant\u00e9 publique \u00ab\u00a0d\u2019informer et \u00e9changer avec la Repr\u00e9sentation nationale sur le projet de mise en place du cadre l\u00e9gislatif\u00a0\u00a0et r\u00e9glementaire de la Convention sant\u00e9 universelle et solliciter son accompagnement dans le processus de mise en \u0153uvre effective de cet instrument de solidarit\u00e9 nationale et d\u2019\u00e9quit\u00e9 dans l\u2019acc\u00e8s aux soins\u00a0; d\u00e9battre des strat\u00e9gies et des choix du gouvernement en mati\u00e8re de vaccin contre le Covid-19\u00a0\u00bb\u00a0\u00a0indiquait hier le Secr\u00e9taire g\u00e9n\u00e9ral de l\u2019Assembl\u00e9e nationale.<\/p>\n<p><strong>Vaccination<\/strong><\/p>\n<p>Une pl\u00e9ni\u00e8re qui \u00e9tait attendue et r\u00e9clam\u00e9e par les d\u00e9put\u00e9s. On se souvient en effet que plusieurs parlementaires s\u2019\u00e9taient prononc\u00e9s sur la n\u00e9cessit\u00e9 d\u2019informer les camerounais sur le vaccin qui allait \u00eatre choisi par le gouvernement. Le d\u00e9put\u00e9 du Parti camerounais pour la r\u00e9conciliation nationale (Pcrn), Cabral Libii par exemple, estimait que le Minsant\u00e9 se devait de r\u00e9aliser une communication d\u00e9taill\u00e9e sur ce sujet. \u00ab\u00a0La v\u00e9rit\u00e9 est qu\u2019il y a une pol\u00e9mique mondiale sur ces vaccins qui ont \u00e9t\u00e9 produits en toute h\u00e2te parce qu\u2019il fallait juguler une crise. Il y a un vaccin Chinois, il y a un vaccin Russe, il y a des vaccins occidentaux et les uns comme les autres ne produisent pas toujours les m\u00eames effets. Certains sont s\u00fbrs \u00e0 75%, d\u2019autres \u00e0 80% etc. Donc il ne suffit pas de nous annoncer qu\u2019un vaccin va arriver mais il faut nous dire lequel arrive, quel est son taux de nocivit\u00e9 ? Quelle est sa puissance de pr\u00e9vention ? Quel est le pourcentage ? Voil\u00e0 les questions au sujet desquelles nous attendons des explications du gouvernement. Nous voulons bien \u00eatre vaccin\u00e9s comme cela a souvent \u00e9t\u00e9 le cas dans le pass\u00e9 mais nous voulons nous assurer qu\u2019on ne va pas nous inoculer dans l\u2019organisme quelque chose qui va nous tuer plut\u00f4t que de nous pr\u00e9venir contre une maladie\u00a0\u00bb\u00a0d\u00e9clarait le pr\u00e9sident du Pcrn il y a quelques semaines.<\/p>\n<p>L\u2019annulation de cette s\u00e9ance pl\u00e9ni\u00e8re porte un coup au d\u00e9bat sur ce sujet. Etant donn\u00e9 que la session parlementaire du mois de mars devrait s\u2019achever cette semaine.<\/p>\n<\/div>\n<p>Auteur: EcoMatin<br \/>\n<a href=\"https:\/\/ecomatin.net\/assemblee-nationale-le-decess-de-alim-hayatou-paralyse-les-travaux\/\">Cliquez ici pour lire l&rsquo;article depuis sa source.<\/a><\/p>\n","protected":false},"excerpt":{"rendered":"<p>La Chambre Basse du Parlement a \u00e9t\u00e9 impact\u00e9e par le d\u00e9c\u00e8s du Secr\u00e9taire d\u2019Etat aupr\u00e8s du ministre de la Sant\u00e9 publique charg\u00e9 de la lutte contre les \u00e9pid\u00e9mies et les pand\u00e9mies. En effet, la disparition de Alim Hayatou ce 5 avril 2021, a pouss\u00e9 l\u2019Assembl\u00e9e nationale \u00e0 annuler une s\u00e9ance pl\u00e9ni\u00e8re. \u00ab\u00a0Le Secr\u00e9taire g\u00e9n\u00e9ral de [&hellip;]<\/p>\n","protected":false},"author":1969,"featured_media":0,"comment_status":"closed","ping_status":"closed","sticky":false,"template":"","format":"standard","meta":{"fifu_image_url":"https:\/\/ecomatin.net\/wp-content\/uploads\/2021\/04\/WhatsApp-Image-2021-04-07-at-13.02.34-780x470.jpeg","fifu_image_alt":"Assembl\u00e9e nationale: le d\u00e9c\u00e8s de Alim Hayatou paralyse les travaux","footnotes":""},"categories":[82,78],"tags":[],"class_list":["post-114527","post","type-post","status-publish","format-standard","hentry","category-cameroun","category-economie"],"_links":{"self":[{"href":"https:\/\/linitiative.ca\/International\/wp-json\/wp\/v2\/posts\/114527","targetHints":{"allow":["GET"]}}],"collection":[{"href":"https:\/\/linitiative.ca\/International\/wp-json\/wp\/v2\/posts"}],"about":[{"href":"https:\/\/linitiative.ca\/International\/wp-json\/wp\/v2\/types\/post"}],"author":[{"embeddable":true,"href":"https:\/\/linitiative.ca\/International\/wp-json\/wp\/v2\/users\/1969"}],"replies":[{"embeddable":true,"href":"https:\/\/linitiative.ca\/International\/wp-json\/wp\/v2\/comments?post=114527"}],"version-history":[{"count":0,"href":"https:\/\/linitiative.ca\/International\/wp-json\/wp\/v2\/posts\/114527\/revisions"}],"wp:attachment":[{"href":"https:\/\/linitiative.ca\/International\/wp-json\/wp\/v2\/media?parent=114527"}],"wp:term":[{"taxonomy":"category","embeddable":true,"href":"https:\/\/linitiative.ca\/International\/wp-json\/wp\/v2\/categories?post=114527"},{"taxonomy":"post_tag","embeddable":true,"href":"https:\/\/linitiative.ca\/International\/wp-json\/wp\/v2\/tags?post=114527"}],"curies":[{"name":"wp","href":"https:\/\/api.w.org\/{rel}","templated":true}]}}