{"id":114529,"date":"2021-04-07T09:24:40","date_gmt":"2021-04-07T13:24:40","guid":{"rendered":"https:\/\/linitiative.ca\/International\/gouvernance-une-enquete-judiciaire-contre-les-gestionnaires-indelicats-des-fonds-covid\/"},"modified":"2021-04-07T09:24:40","modified_gmt":"2021-04-07T13:24:40","slug":"gouvernance-une-enquete-judiciaire-contre-les-gestionnaires-indelicats-des-fonds-covid","status":"publish","type":"post","link":"https:\/\/linitiative.ca\/International\/gouvernance-une-enquete-judiciaire-contre-les-gestionnaires-indelicats-des-fonds-covid\/","title":{"rendered":"Gouvernance : une enqu\u00eate judiciaire contre les gestionnaires ind\u00e9licats des fonds Covid"},"content":{"rendered":"<p>Tol\u00e9rance z\u00e9ro\u00a0! C\u2019est l\u2019option prise par les pouvoirs publics dans le contr\u00f4le des ressources allou\u00e9es \u00e0 la lutte contre la pand\u00e9mie de la Coivid-19. Dans une correspondance du ministre d\u2019Etat, Secr\u00e9taire g\u00e9n\u00e9ral de la pr\u00e9sidence de la R\u00e9publique adress\u00e9e au ministre d\u2019Etat, ministre de la Justice, Garde des Sceaux, il para\u00eet que les gestions ind\u00e9licates peuvent avoir des soucis \u00e0 se faire.<\/p>\n<p><strong>Lire aussi<\/strong> : <strong><a href=\"https:\/\/ecomatin.net\/le-consupe-va-auditer-la-gestion-des-180-milliards-du-fonds-special-covid-19\/\">Le Consupe va auditer la gestion des 180 milliards du Fonds sp\u00e9cial Covid-19<\/a><\/strong><\/p>\n<p>\u00ab\u00a0\u00ab\u00a0En vous faisant tenir ci-joint thermocopie du rapport d\u2019audit de la Chambre des Comptes de la Cour Supr\u00eame relatif \u00e0 l\u2019objet repris en marge, j\u2019ai l\u2019honneur de vous r\u00e9percuter les hautes directives du Chef de l\u2019Etat, prescrivant l\u2019ouverture d\u2019une enqu\u00eate judiciaire contre les auteurs, coauteurs et complices des cas de malversations financi\u00e8res y relev\u00e9es\u00a0\u00bb, \u00e9crit Ferdinand Ngoh Ngoh \u00e0 Laurent Esso.<\/p>\n<p><strong>Lire aussi<\/strong> : <strong><a href=\"https:\/\/ecomatin.net\/fonds-de-solidarite-national-un-lapsus-a-200-millions-de-f\/\">Fonds de solidarit\u00e9 nationale: un lapsus \u00e0 200 millions de F<\/a><\/strong><\/p>\n<p>Si l\u2019identit\u00e9 des mis en cause n\u2019est pas encore d\u00e9voil\u00e9e, l\u2019on se rappelle\u00a0 n\u00e9anmoins que l\u2019audit des fonds allou\u00e9s pour la lutte contre la pand\u00e9mie du coronavirus a \u00e9t\u00e9 le point essentiel du conseil de cabinet de juillet 2020. La t\u00e2che, \u00a0\u00a0confi\u00e9e \u00e0 la Chambre des Comptes de la Cour Supr\u00eame, portait sur la gestion du \u00ab Fonds sp\u00e9cial de solidarit\u00e9 nationale pour la lutte contre le coronavirus. \u00bb<\/p>\n<p><strong>Lire aussi<\/strong> : <strong><a href=\"https:\/\/ecomatin.net\/crise-sanitaire-15-ministeres-exclus-du-partage-des-fonds-de-la-covid-19\/\">Crise sanitaire : 15 minist\u00e8res exclus du partage des fonds de la Covid-19<\/a><\/strong><\/p>\n<p>Le Fonds sp\u00e9cial de solidarit\u00e9 nationale pour la lutte contre le coronavirus a \u00e9t\u00e9 cr\u00e9\u00e9 le 1er avril 2020 par le pr\u00e9sident de la R\u00e9publique, Paul Biya, avec une enveloppe d\u20191 milliard FCFA. A la suite de l\u2019ordonnance du 3 juin 2020 portant modification de loi des finances, ledit Fonds est transform\u00e9 en Compte d\u2019affectation sp\u00e9ciale. Il sera aliment\u00e9 par des versements \u00e0 caract\u00e8re non fiscal avec une dotation plafonn\u00e9e \u00e0 180 milliards FCFA et 150 milliards de FCFA en 2021.<\/p>\n<p>Auteur: Philipe NSOA<br \/>\n<a href=\"https:\/\/ecomatin.net\/gouvernance-une-enquete-judiciaire-contre-les-gestionnaires-indelicats-des-fonds-covid\/\">Cliquez ici pour lire l&rsquo;article depuis sa source.<\/a><\/p>\n","protected":false},"excerpt":{"rendered":"<p>Tol\u00e9rance z\u00e9ro\u00a0! C\u2019est l\u2019option prise par les pouvoirs publics dans le contr\u00f4le des ressources allou\u00e9es \u00e0 la lutte contre la pand\u00e9mie de la Coivid-19. Dans une correspondance du ministre d\u2019Etat, Secr\u00e9taire g\u00e9n\u00e9ral de la pr\u00e9sidence de la R\u00e9publique adress\u00e9e au ministre d\u2019Etat, ministre de la Justice, Garde des Sceaux, il para\u00eet que les gestions ind\u00e9licates [&hellip;]<\/p>\n","protected":false},"author":1969,"featured_media":0,"comment_status":"closed","ping_status":"closed","sticky":false,"template":"","format":"standard","meta":{"fifu_image_url":"","fifu_image_alt":"","footnotes":""},"categories":[82,78],"tags":[],"class_list":["post-114529","post","type-post","status-publish","format-standard","hentry","category-cameroun","category-economie"],"_links":{"self":[{"href":"https:\/\/linitiative.ca\/International\/wp-json\/wp\/v2\/posts\/114529","targetHints":{"allow":["GET"]}}],"collection":[{"href":"https:\/\/linitiative.ca\/International\/wp-json\/wp\/v2\/posts"}],"about":[{"href":"https:\/\/linitiative.ca\/International\/wp-json\/wp\/v2\/types\/post"}],"author":[{"embeddable":true,"href":"https:\/\/linitiative.ca\/International\/wp-json\/wp\/v2\/users\/1969"}],"replies":[{"embeddable":true,"href":"https:\/\/linitiative.ca\/International\/wp-json\/wp\/v2\/comments?post=114529"}],"version-history":[{"count":0,"href":"https:\/\/linitiative.ca\/International\/wp-json\/wp\/v2\/posts\/114529\/revisions"}],"wp:attachment":[{"href":"https:\/\/linitiative.ca\/International\/wp-json\/wp\/v2\/media?parent=114529"}],"wp:term":[{"taxonomy":"category","embeddable":true,"href":"https:\/\/linitiative.ca\/International\/wp-json\/wp\/v2\/categories?post=114529"},{"taxonomy":"post_tag","embeddable":true,"href":"https:\/\/linitiative.ca\/International\/wp-json\/wp\/v2\/tags?post=114529"}],"curies":[{"name":"wp","href":"https:\/\/api.w.org\/{rel}","templated":true}]}}