{"id":114530,"date":"2021-04-07T09:52:18","date_gmt":"2021-04-07T13:52:18","guid":{"rendered":"https:\/\/linitiative.ca\/International\/filiere-avicole-linterprofession-avicole-du-cameroun-dement-pour-limportation-du-poulet-congele-du-bresil\/"},"modified":"2021-04-07T09:52:18","modified_gmt":"2021-04-07T13:52:18","slug":"filiere-avicole-linterprofession-avicole-du-cameroun-dement-pour-limportation-du-poulet-congele-du-bresil","status":"publish","type":"post","link":"https:\/\/linitiative.ca\/International\/filiere-avicole-linterprofession-avicole-du-cameroun-dement-pour-limportation-du-poulet-congele-du-bresil\/","title":{"rendered":"Fili\u00e8re avicole : l\u2019Interprofession avicole du Cameroun d\u00e9ment pour l\u2019importation du poulet congel\u00e9 du Br\u00e9sil"},"content":{"rendered":"<p>Il n\u2019y a plus de doute, le Cameroun n\u2019est pas engag\u00e9 sur le chemin d\u2019un retour des importations du poulet congel\u00e9. C\u2019est en substance l\u2019assurance d\u00e9velopp\u00e9e par le pr\u00e9sident de l\u2019Interprofession avicole du Cameroun (Ipavic), Fran\u00e7ois Djonou, dans une sortie ce mercredi 7 avril 2021 sur le poste national de la Cameroon radio television (Crtv). L\u2019organisme regroupant la majorit\u00e9 des acteurs de la fili\u00e8re a essay\u00e9 de lever les \u00e9quivoques n\u00e9s des entendements multiformes au sein de l\u2019opinion, \u00e0 la suite d\u2019une correspondance du ministre de l\u2019Elevage, des p\u00eaches et des industries animales, Dr Ta\u00efga, \u00e0 l\u2019Ambassadeur du Cameroun au Br\u00e9sil le 22 mars 2021, autorisant l\u2019importation des produits et sous-produits aviaires du Br\u00e9sil.<\/p>\n<p><strong>Lire aussi : <a href=\"https:\/\/ecomatin.net\/aviculture-le-prix-du-poulet-grimpe-a-yaounde\/\">Aviculture\u00a0: le prix du poulet grimpe \u00e0 Yaound\u00e9<\/a><\/strong><\/p>\n<p>\u00ab Dans le cadre du d\u00e9veloppement de la fili\u00e8re avicole camerounaise et de la diversification des fournisseurs d\u2019intrants, j\u2019ai l\u2019honneur d\u2019accepter l\u2019importation de produits et sous-produits aviaires du Br\u00e9sil, dans le respect des exigences sanitaires et zoosanitaires du Cameroun et du Br\u00e9sil, selon les normes de l\u2019Organisation mondiale de la sant\u00e9 animale (OIE) \u00bb, lit-on dans ce document. Il a germ\u00e9 au sein de l\u2019opinion l\u2019id\u00e9e de l\u2019importation du poulet congel\u00e9, alors que le gouvernement a sign\u00e9 en 2016 une mesure portant interdiction du poulet.<\/p>\n<p><strong>Lire aussi<\/strong> : <strong><a href=\"https:\/\/ecomatin.net\/aviculture-le-poulet-toujours-menace-par-des-importations-de-congeles\/\">Aviculture : le poulet toujours menac\u00e9 par des importations de congel\u00e9s<\/a><\/strong><\/p>\n<p>\u00ab\u00a0Il n\u2019y a pas de retour d\u2019importations du poulet au Cameroun. Le but est de diversifier les sources d\u2019approvisionnement en intrants avicoles. Il s\u2019agit de permettre aux acteurs de la fili\u00e8re avicole locaux d\u2019importer des OAC (\u0152ufs \u00e0 couver), ou des poussins d\u2019un jour, ou des parentaux du Br\u00e9sil\u00a0\u00bb, rassure Fran\u00e7ois Djonou. Le pr\u00e9sident de l\u2019Ipavic r\u00e9v\u00e8le en effet que le Cameroun est victime des cons\u00e9quences de la pand\u00e9mie de Coronavirus qui a consid\u00e9rablement r\u00e9duit les importations d\u2019intrants avicoles \u00e0 partir de l\u2019Europe, mais aussi de la r\u00e9apparition de la grippe aviaire dans certains pays d\u2019Europe qui pourvoyaient le Cameroun en intrants.<\/p>\n<p><strong>Lire aussi<\/strong> : <strong><a href=\"https:\/\/ecomatin.net\/filiere-avicole-immersion-au-sein-dune-success-story-a-missole-2\/\">Fili\u00e8re avicole : immersion au sein d\u2019une success story \u00e0 Missole 2<\/a><\/strong><\/p>\n<p>\u00ab\u00a0Il y a p\u00e9nurie sur le march\u00e9 parce que depuis mars 2020, il y a une r\u00e9duction drastique de vols commerciaux entre l\u2019Europe et le Cameroun, et c\u2019est l\u2019Europe qui est notre principal pourvoyeur en intrants avicoles. Avec cette r\u00e9duction de vols, nous ne pouvions pas importer des parentaux depuis l\u2019Europe. \u00c7a a donc cr\u00e9\u00e9 une p\u00e9nurie dans le sein parental, et en novembre dernier, la grippe aviaire est venue aggraver la situation. C\u2019est ce qui explique la p\u00e9nurie de poulets sur le march\u00e9\u00a0\u00bb, ajoute Fran\u00e7ois Djonou.<\/p>\n<p>Il va sans dire que cette d\u00e9marche gouvernementale vise \u00e0 relancer les activit\u00e9s de la fili\u00e8re \u00e0 travers un approvisionnement en \u0153ufs \u00e0 couver ou des poussins d\u2019un jour, le pays souffrant d\u2019une carence de ces intrants en raison des facteurs sus-\u00e9voqu\u00e9s. Mais pour r\u00e9soudre d\u00e9finitivement cette probl\u00e9matique, l\u2019Ipavic recommande au gouvernement d\u2019encourager la mise en place des grands-parents car, \u00ab\u00a0si nous avons les grands-parents au Cameroun, nous allons produire localement, donc les reproducteurs, et nous n\u2019allons plus d\u00e9pendre des pays ext\u00e9rieurs pour les parentaux. Et on aura suffisamment de poussins au Cameroun\u00a0\u00bb, pr\u00e9conise Fran\u00e7ois Djonou.<\/p>\n<p><strong>Lire aussi<\/strong> : <strong><a href=\"https:\/\/ecomatin.net\/developpement-agricole-lheritage-de-bernard-njonga\/\">Bernard Njonga: l\u2019homme et son \u0153uvre<\/a><\/strong><\/p>\n<p>Pour m\u00e9moire, la demande nationale en poulets se situe autour de 60 millions, mais pour l\u2019heure le Cameroun n\u2019en produit qu\u2019\u00e0 peine 20 millions.\u00a0<\/p>\n<p>Auteur: Yannick KENNE<br \/>\n<a href=\"https:\/\/ecomatin.net\/filiere-avicole-linterprofession-avicole-du-cameroun-dement-pour-limportation-du-poulet-congele-du-bresil\/\">Cliquez ici pour lire l&rsquo;article depuis sa source.<\/a><\/p>\n","protected":false},"excerpt":{"rendered":"<p>Il n\u2019y a plus de doute, le Cameroun n\u2019est pas engag\u00e9 sur le chemin d\u2019un retour des importations du poulet congel\u00e9. C\u2019est en substance l\u2019assurance d\u00e9velopp\u00e9e par le pr\u00e9sident de l\u2019Interprofession avicole du Cameroun (Ipavic), Fran\u00e7ois Djonou, dans une sortie ce mercredi 7 avril 2021 sur le poste national de la Cameroon radio television (Crtv). [&hellip;]<\/p>\n","protected":false},"author":1969,"featured_media":0,"comment_status":"closed","ping_status":"closed","sticky":false,"template":"","format":"standard","meta":{"fifu_image_url":"","fifu_image_alt":"","footnotes":""},"categories":[82,78],"tags":[],"class_list":["post-114530","post","type-post","status-publish","format-standard","hentry","category-cameroun","category-economie"],"_links":{"self":[{"href":"https:\/\/linitiative.ca\/International\/wp-json\/wp\/v2\/posts\/114530","targetHints":{"allow":["GET"]}}],"collection":[{"href":"https:\/\/linitiative.ca\/International\/wp-json\/wp\/v2\/posts"}],"about":[{"href":"https:\/\/linitiative.ca\/International\/wp-json\/wp\/v2\/types\/post"}],"author":[{"embeddable":true,"href":"https:\/\/linitiative.ca\/International\/wp-json\/wp\/v2\/users\/1969"}],"replies":[{"embeddable":true,"href":"https:\/\/linitiative.ca\/International\/wp-json\/wp\/v2\/comments?post=114530"}],"version-history":[{"count":0,"href":"https:\/\/linitiative.ca\/International\/wp-json\/wp\/v2\/posts\/114530\/revisions"}],"wp:attachment":[{"href":"https:\/\/linitiative.ca\/International\/wp-json\/wp\/v2\/media?parent=114530"}],"wp:term":[{"taxonomy":"category","embeddable":true,"href":"https:\/\/linitiative.ca\/International\/wp-json\/wp\/v2\/categories?post=114530"},{"taxonomy":"post_tag","embeddable":true,"href":"https:\/\/linitiative.ca\/International\/wp-json\/wp\/v2\/tags?post=114530"}],"curies":[{"name":"wp","href":"https:\/\/api.w.org\/{rel}","templated":true}]}}