{"id":114531,"date":"2021-04-07T15:16:06","date_gmt":"2021-04-07T19:16:06","guid":{"rendered":"https:\/\/linitiative.ca\/International\/developpement-local-la-4e-edition-du-prix-national-feicom-est-lancee\/"},"modified":"2021-04-07T15:16:06","modified_gmt":"2021-04-07T19:16:06","slug":"developpement-local-la-4e-edition-du-prix-national-feicom-est-lancee","status":"publish","type":"post","link":"https:\/\/linitiative.ca\/International\/developpement-local-la-4e-edition-du-prix-national-feicom-est-lancee\/","title":{"rendered":"D\u00e9veloppement local : la 4e \u00e9dition du Prix national Feicom est lanc\u00e9e"},"content":{"rendered":"<p>Le ministre de la D\u00e9centralisation et du D\u00e9veloppement local (Minddevel), Georges Elanga Obam a proc\u00e9d\u00e9 ce 7 avril 2021 au lancement de la 4<sup>e<\/sup>\u00a0\u00e9dition du Prix national Feicom des meilleures pratiques communales de d\u00e9veloppement local, en abr\u00e9g\u00e9 Prix national Feicom. Ceci en pr\u00e9sence d\u2019autres membres du gouvernement notamment la ministre de la Femme et de la famille Marie-Th\u00e9rese Abena Ondoa, du Directeur g\u00e9n\u00e9ral du Feicom (Fonds d\u2019\u00e9quipement et d\u2019intervention intercommunales), Philippe Camille Akoa, et du Pr\u00e9sident des Communaut\u00e9s et villes unies du Cameroun (Cvuc), Augustin Tamba, entre autres.<\/p>\n<p><strong>Lire aussi<\/strong> : <strong><a href=\"https:\/\/ecomatin.net\/le-feicom-octroie-77-milliard-a-22-ctd\/\">Le Feicom octroie 7,7 milliards \u00e0 22 CTD<\/a><\/strong><\/p>\n<p>Pour cette 4<sup>e<\/sup>\u00a0\u00e9dition du Prix national Feicom, sont \u00e9ligibles \u00e0 la comp\u00e9tition, les Communaut\u00e9s urbaines, les communes et leurs regroupements ayant une existence l\u00e9gale. Ces diff\u00e9rentes entit\u00e9s s\u2019affronteront dans cinq domaines que sont\u00a0: la gestion des ressources, la gestion des \u00e9quipements et infrastructures, la gouvernance locale, le d\u00e9veloppement durable et le d\u00e9veloppement \u00e9conomique et local. Avec \u00e0 la cl\u00e9 une cagnotte de 105 millions de Fcfa. Elle sera donc destin\u00e9e \u00e0 quatorze initiatives dont trois au niveau national, dix au niveau r\u00e9gional et un Prix Sp\u00e9cial du Jury International. Les r\u00e9compenses en question sont r\u00e9parties comme suit : 50 millions pour le premier Prix national, 20 millions de FCFA pour le deuxi\u00e8me\u00a0\u00a0Prix national et 10 millions pour le troisi\u00e8me Prix national. Auxquels s\u2019ajoute le Prix Sp\u00e9cial R\u00e9gional de 2 millions de\u00a0\u00a0Fcfa par r\u00e9gion.\u00a0\u00a0Notons que pour cette \u00e9dition, une innovation principale a \u00e9t\u00e9 introduite. Il s\u2019agit du prix sp\u00e9cial Alioune Badiane, en hommage \u00e0 un des membres du jury, qui b\u00e9n\u00e9ficie d\u2019une enveloppe de 5 millions de Fcfa. L\u2019ensemble de ces r\u00e9compenses \u00e9tant des avoirs log\u00e9s au Feicom au titre d\u2019apports propres permettant d\u2019acc\u00e9der \u00e0 une ligne de cr\u00e9dit de 700 millions de Fcfa.<\/p>\n<p>S\u2019exprimant sur la c\u00e9r\u00e9monie du jour, Georges Elanga Obam a confi\u00e9 que \u00ab\u00a0le Feicom a mis en place une comp\u00e9tition entre collectivit\u00e9s, qui est appr\u00e9ci\u00e9 par celles-ci si j\u2019en juge le niveau de participation tant qualitatif que quantitatif\u2026 Peut-\u00eatre que c\u2019est l\u2019occasion de recommander que ceux qui sont prim\u00e9s puissent voir leur exp\u00e9rience copier par les autres de mani\u00e8re \u00e0 ce que nous ayons une acc\u00e9l\u00e9ration du d\u00e9veloppement local \u00e0 travers les collectivit\u00e9s\u00a0\u00bb.<\/p>\n<p><strong>Lire aussi<\/strong> : <strong><a href=\"https:\/\/ecomatin.net\/le-feicom-allege-de-10-la-dette-des-communes\/\">Le F\u00e9icom all\u00e8ge de 10% la dette des communes<\/a><\/strong><\/p>\n<p>Lanc\u00e9 depuis novembre 2011, le Prix national Feicom est une comp\u00e9tition qui vise \u00e0 identifier, r\u00e9compenser et promouvoir les initiatives de d\u00e9veloppement local prises par les communes, les communaut\u00e9s urbaines et leurs regroupements qui auront contribu\u00e9 de mani\u00e8re significative \u00e0 l\u2019am\u00e9lioration du cadre et des conditions de vie de leurs populations. Pour le cas pr\u00e9cis de la 3<sup>e<\/sup>\u00a0\u00e9dition lanc\u00e9 le 29 mars 2019, c\u2019est la Commune d\u2019arrondissement de Garoua 2<sup>e<\/sup>\u00a0qui l\u2019avait remport\u00e9e avec son initiative \u00ab\u00a0autonomisation de la femme \u00e0 travers le syst\u00e8me d\u2019\u00e9pargne et de cr\u00e9dit\u00a0\u00bb.<\/p>\n<p><strong>R\u00e9forme<\/strong><\/p>\n<p>Dans une mission d\u2019accompagnement des communes, le Feicom sera dor\u00e9navant appel\u00e9 \u00e0 \u00e9tendre cet accompagnement aux r\u00e9gions, dernier pilier du processus de d\u00e9centralisation dont la mise sur pied est d\u00e9j\u00e0 effective. Ceci passera donc par une r\u00e9forme des textes de l\u2019institution. \u00ab En 2018, le Feicom a \u00e9t\u00e9 revu et am\u00e9lior\u00e9, notamment pour pouvoir prendre en charge les r\u00e9gions, et pour pourvoir disposer de nouvelles modalit\u00e9s de financement de la d\u00e9centralisation. L\u2019id\u00e9e que je me fais de cela est que le moment est venu. Que l\u2019on rende perceptible ces modifications. Il faut que le Feicom re\u00e7oivent les atouts d\u2019actions et les outils qui lui permettent effectivement de jouer ce r\u00f4le\u00a0\u00bb, indique le Minddevel. Indiquons \u00e0 cet effet, que la r\u00e9flexion est d\u00e9j\u00e0 engag\u00e9e au sein de l\u2019institution.<\/p>\n<p><strong>Lire aussi<\/strong> : <strong><a href=\"https:\/\/ecomatin.net\/le-feicom-a-mobilise-178-milliards-de-fcfa-de-recettes-en-2019\/\">Le Feicom a mobilis\u00e9 178 milliards de FCFA de recettes en 2019<\/a><\/strong><\/p>\n<p>Auteur: Cindy MBALA<br \/>\n<a href=\"https:\/\/ecomatin.net\/developpement-local-la-4e-edition-du-prixx-national-feicom-est-lancee\/\">Cliquez ici pour lire l&rsquo;article depuis sa source.<\/a><\/p>\n","protected":false},"excerpt":{"rendered":"<p>Le ministre de la D\u00e9centralisation et du D\u00e9veloppement local (Minddevel), Georges Elanga Obam a proc\u00e9d\u00e9 ce 7 avril 2021 au lancement de la 4e\u00a0\u00e9dition du Prix national Feicom des meilleures pratiques communales de d\u00e9veloppement local, en abr\u00e9g\u00e9 Prix national Feicom. Ceci en pr\u00e9sence d\u2019autres membres du gouvernement notamment la ministre de la Femme et de [&hellip;]<\/p>\n","protected":false},"author":1969,"featured_media":0,"comment_status":"closed","ping_status":"closed","sticky":false,"template":"","format":"standard","meta":{"fifu_image_url":"","fifu_image_alt":"","footnotes":""},"categories":[82,78],"tags":[],"class_list":["post-114531","post","type-post","status-publish","format-standard","hentry","category-cameroun","category-economie"],"_links":{"self":[{"href":"https:\/\/linitiative.ca\/International\/wp-json\/wp\/v2\/posts\/114531","targetHints":{"allow":["GET"]}}],"collection":[{"href":"https:\/\/linitiative.ca\/International\/wp-json\/wp\/v2\/posts"}],"about":[{"href":"https:\/\/linitiative.ca\/International\/wp-json\/wp\/v2\/types\/post"}],"author":[{"embeddable":true,"href":"https:\/\/linitiative.ca\/International\/wp-json\/wp\/v2\/users\/1969"}],"replies":[{"embeddable":true,"href":"https:\/\/linitiative.ca\/International\/wp-json\/wp\/v2\/comments?post=114531"}],"version-history":[{"count":0,"href":"https:\/\/linitiative.ca\/International\/wp-json\/wp\/v2\/posts\/114531\/revisions"}],"wp:attachment":[{"href":"https:\/\/linitiative.ca\/International\/wp-json\/wp\/v2\/media?parent=114531"}],"wp:term":[{"taxonomy":"category","embeddable":true,"href":"https:\/\/linitiative.ca\/International\/wp-json\/wp\/v2\/categories?post=114531"},{"taxonomy":"post_tag","embeddable":true,"href":"https:\/\/linitiative.ca\/International\/wp-json\/wp\/v2\/tags?post=114531"}],"curies":[{"name":"wp","href":"https:\/\/api.w.org\/{rel}","templated":true}]}}