{"id":114533,"date":"2021-04-08T09:12:01","date_gmt":"2021-04-08T13:12:01","guid":{"rendered":"https:\/\/linitiative.ca\/International\/chambre-des-representants-ouverture-vendredi-de-la-2eme-session-de-lannee-legislative\/"},"modified":"2021-04-08T09:12:01","modified_gmt":"2021-04-08T13:12:01","slug":"chambre-des-representants-ouverture-vendredi-de-la-2eme-session-de-lannee-legislative","status":"publish","type":"post","link":"https:\/\/linitiative.ca\/International\/chambre-des-representants-ouverture-vendredi-de-la-2eme-session-de-lannee-legislative\/","title":{"rendered":"Chambre des repr\u00e9sentants: Ouverture vendredi de la 2\u00e8me session de l\u2019ann\u00e9e l\u00e9gislative"},"content":{"rendered":"<header>\n<\/header>\n<div class=\"entry-content clearfix\" readability=\"37\">\n<figure class=\"post-thumbnail\" itemprop=\"associatedMedia\" itemscope=\"itemscope\" itemtype=\"http:\/\/schema.org\/ImageObject\"><img decoding=\"async\" class=\"post_layout_5_img\" src=\"http:\/\/aujourdhui.ma\/wp-content\/uploads\/2017\/11\/Chambre-des-representants-Parlement-Maroc-.jpg\" alt=\"Chambre des repr\u00e9sentants: Ouverture vendredi de la 2\u00e8me session de l\u2019ann\u00e9e l\u00e9gislative\"\/><\/figure>\n<p><span class=\"c5\"><strong>La Chambre des repr\u00e9sentants tiendra vendredi une s\u00e9ance pl\u00e9ni\u00e8re consacr\u00e9e \u00e0 l\u2019ouverture de la 2\u00e8me session de l\u2019ann\u00e9e l\u00e9gislative 2020\/2021, conform\u00e9ment \u00e0 l\u2019article 65 de la Constitution.<\/strong><\/span><span id=\"more-373307\"\/><br \/>La s\u00e9ance qui d\u00e9butera \u00e0 16H se tiendra dans le respect des mesures pr\u00e9ventives contre la Covid-19 prises par les instances de la chambre, indique un communiqu\u00e9 de l\u2019institution l\u00e9gislative.<\/p>\n<\/div>\n<p>Auteur: ALM<br \/>\n<a href=\"https:\/\/aujourdhui.ma\/politique\/chambre-des-representants-ouverture-vendredi-de-la-2eme-session-de-lannee-legislative\">Cliquez ici pour lire l&rsquo;article depuis sa source.<\/a><\/p>\n","protected":false},"excerpt":{"rendered":"<p>La Chambre des repr\u00e9sentants tiendra vendredi une s\u00e9ance pl\u00e9ni\u00e8re consacr\u00e9e \u00e0 l\u2019ouverture de la 2\u00e8me session de l\u2019ann\u00e9e l\u00e9gislative 2020\/2021, conform\u00e9ment \u00e0 l\u2019article 65 de la Constitution.La s\u00e9ance qui d\u00e9butera \u00e0 16H se tiendra dans le respect des mesures pr\u00e9ventives contre la Covid-19 prises par les instances de la chambre, indique un communiqu\u00e9 de l\u2019institution [&hellip;]<\/p>\n","protected":false},"author":1759,"featured_media":0,"comment_status":"closed","ping_status":"closed","sticky":false,"template":"","format":"standard","meta":{"fifu_image_url":"http:\/\/aujourdhui.ma\/wp-content\/uploads\/2017\/11\/Chambre-des-representants-Parlement-Maroc-.jpg","fifu_image_alt":"Chambre des repr\u00e9sentants: Ouverture vendredi de la 2\u00e8me session de l\u2019ann\u00e9e l\u00e9gislative","footnotes":""},"categories":[73,54],"tags":[],"class_list":["post-114533","post","type-post","status-publish","format-standard","hentry","category-actualite","category-maroc"],"_links":{"self":[{"href":"https:\/\/linitiative.ca\/International\/wp-json\/wp\/v2\/posts\/114533","targetHints":{"allow":["GET"]}}],"collection":[{"href":"https:\/\/linitiative.ca\/International\/wp-json\/wp\/v2\/posts"}],"about":[{"href":"https:\/\/linitiative.ca\/International\/wp-json\/wp\/v2\/types\/post"}],"author":[{"embeddable":true,"href":"https:\/\/linitiative.ca\/International\/wp-json\/wp\/v2\/users\/1759"}],"replies":[{"embeddable":true,"href":"https:\/\/linitiative.ca\/International\/wp-json\/wp\/v2\/comments?post=114533"}],"version-history":[{"count":0,"href":"https:\/\/linitiative.ca\/International\/wp-json\/wp\/v2\/posts\/114533\/revisions"}],"wp:attachment":[{"href":"https:\/\/linitiative.ca\/International\/wp-json\/wp\/v2\/media?parent=114533"}],"wp:term":[{"taxonomy":"category","embeddable":true,"href":"https:\/\/linitiative.ca\/International\/wp-json\/wp\/v2\/categories?post=114533"},{"taxonomy":"post_tag","embeddable":true,"href":"https:\/\/linitiative.ca\/International\/wp-json\/wp\/v2\/tags?post=114533"}],"curies":[{"name":"wp","href":"https:\/\/api.w.org\/{rel}","templated":true}]}}