{"id":114534,"date":"2021-04-08T10:33:29","date_gmt":"2021-04-08T14:33:29","guid":{"rendered":"https:\/\/linitiative.ca\/International\/fruit-dun-partenariat-avec-liremmo-medi1-lance-des-series-numeriques-danalyses-sur-le-monde-arabe\/"},"modified":"2021-04-08T10:33:29","modified_gmt":"2021-04-08T14:33:29","slug":"fruit-dun-partenariat-avec-liremmo-medi1-lance-des-series-numeriques-danalyses-sur-le-monde-arabe","status":"publish","type":"post","link":"https:\/\/linitiative.ca\/International\/fruit-dun-partenariat-avec-liremmo-medi1-lance-des-series-numeriques-danalyses-sur-le-monde-arabe\/","title":{"rendered":"Fruit d\u2019un partenariat avec l\u2019iReMMO : Medi1 lance des s\u00e9ries num\u00e9riques d\u2019analyses sur le monde arabe"},"content":{"rendered":"<header>\n<\/header>\n<div class=\"entry-content clearfix\" readability=\"61\">\n<figure class=\"post-thumbnail\" itemprop=\"associatedMedia\" itemscope=\"itemscope\" itemtype=\"http:\/\/schema.org\/ImageObject\"><img decoding=\"async\" class=\"post_layout_5_img\" src=\"http:\/\/aujourdhui.ma\/wp-content\/uploads\/2021\/04\/Visuel-2-min-pour-comprendre-avec-les-experts-de-Medi1.jpg\" alt=\"Fruit d\u2019un partenariat avec l\u2019iReMMO : Medi1 lance des s\u00e9ries num\u00e9riques d\u2019analyses sur le monde arabe\"\/><\/figure>\n<p><span class=\"c5\"><strong>Radio M\u00e9diterran\u00e9e Internationale (Medi1radio) et MEDI1TV viennent d\u2019annoncer le lancement des s\u00e9ries d\u2019analyses des enjeux politiques, socio-\u00e9conomiques et culturels des pays de l\u2019Afrique du Nord, du Moyen-Orient et du bassin m\u00e9diterran\u00e9en.<\/strong><\/span><span id=\"more-373262\"\/><\/p>\n<p>Ces s\u00e9ries d\u2019analyses sont le fruit d\u2019un partenariat avec l\u2019Institut de recherche et d\u2019\u00e9tudes M\u00e9diterran\u00e9e Moyen-Orient (iReMMO). \u00abL\u2019objectif de ce partenariat est d\u2019offrir une analyse g\u00e9ostrat\u00e9gique du monde arabe \u00e0 travers la diffusion de capsules num\u00e9riques \u00ab2 minutes pour comprendre\u00bb sur les plates-formes num\u00e9riques Medi1News et Medi1podcast\u00bb, selon un communiqu\u00e9 de Medi1.<br \/>Quatre s\u00e9ries th\u00e9matiques compos\u00e9es de trois \u00e9pisodes chacune couvriront des sujets qui ont fait la Une de l\u2019actualit\u00e9: les accords d\u2019Abraham, la crise libanaise, les enjeux de la transition \u00e9nerg\u00e9tique dans le monde arabe, la crise de la Covid-19 dans la zone MENA\u2026<\/p>\n<p>Chaque s\u00e9rie analyse la question trait\u00e9e sous plusieurs angles avec des sous-th\u00e9matiques. \u00abCe concept de s\u00e9ries digitales permettra l\u2019appr\u00e9hension d\u2019id\u00e9es complexes sur des questions cl\u00e9s touchant le monde arabe dans un format court et adapt\u00e9 \u00e0 la consommation num\u00e9rique\u00bb, fait savoir la m\u00eame source.<\/p>\n<p>Rappelons que l\u2019iReMMO est un partenaire de longue date de Radio M\u00e9diterran\u00e9e Internationale et accompagne cette saison la radio dans le cadre de deux rendez-vous bimensuels pour d\u00e9cortiquer des sujets d\u2019actualit\u00e9 et donner une lecture des enjeux politiques, socio-\u00e9conomiques de la r\u00e9gion, et ce \u00e0 travers les interventions, dans les carrefours d\u2019information sur les ondes de Medi1, du pr\u00e9sident de l\u2019iReMMO Jean-Paul Chagnollaud en tant qu\u2019invit\u00e9 de la r\u00e9daction, et de la vice-pr\u00e9sidente Agn\u00e8s Levallois dans le magazine du Moyen-Orient. Il s\u2019agit \u00e9galement des productions publi\u00e9es sur la plate-forme num\u00e9rique Medi1News.<\/p>\n<\/div>\n<p>Auteur: ALM<br \/>\n<a href=\"https:\/\/aujourdhui.ma\/culture\/fruit-dun-partenariat-avec-liremmo-medi1-lance-des-series-numeriques-danalyses-sur-le-monde-arabe\">Cliquez ici pour lire l&rsquo;article depuis sa source.<\/a><\/p>\n","protected":false},"excerpt":{"rendered":"<p>Radio M\u00e9diterran\u00e9e Internationale (Medi1radio) et MEDI1TV viennent d\u2019annoncer le lancement des s\u00e9ries d\u2019analyses des enjeux politiques, socio-\u00e9conomiques et culturels des pays de l\u2019Afrique du Nord, du Moyen-Orient et du bassin m\u00e9diterran\u00e9en. Ces s\u00e9ries d\u2019analyses sont le fruit d\u2019un partenariat avec l\u2019Institut de recherche et d\u2019\u00e9tudes M\u00e9diterran\u00e9e Moyen-Orient (iReMMO). \u00abL\u2019objectif de ce partenariat est d\u2019offrir une [&hellip;]<\/p>\n","protected":false},"author":1759,"featured_media":0,"comment_status":"closed","ping_status":"closed","sticky":false,"template":"","format":"standard","meta":{"fifu_image_url":"http:\/\/aujourdhui.ma\/wp-content\/uploads\/2021\/04\/Visuel-2-min-pour-comprendre-avec-les-experts-de-Medi1.jpg","fifu_image_alt":"Fruit d\u2019un partenariat avec l\u2019iReMMO : Medi1 lance des s\u00e9ries num\u00e9riques d\u2019analyses sur le monde arabe","footnotes":""},"categories":[73,54],"tags":[],"class_list":["post-114534","post","type-post","status-publish","format-standard","hentry","category-actualite","category-maroc"],"_links":{"self":[{"href":"https:\/\/linitiative.ca\/International\/wp-json\/wp\/v2\/posts\/114534","targetHints":{"allow":["GET"]}}],"collection":[{"href":"https:\/\/linitiative.ca\/International\/wp-json\/wp\/v2\/posts"}],"about":[{"href":"https:\/\/linitiative.ca\/International\/wp-json\/wp\/v2\/types\/post"}],"author":[{"embeddable":true,"href":"https:\/\/linitiative.ca\/International\/wp-json\/wp\/v2\/users\/1759"}],"replies":[{"embeddable":true,"href":"https:\/\/linitiative.ca\/International\/wp-json\/wp\/v2\/comments?post=114534"}],"version-history":[{"count":0,"href":"https:\/\/linitiative.ca\/International\/wp-json\/wp\/v2\/posts\/114534\/revisions"}],"wp:attachment":[{"href":"https:\/\/linitiative.ca\/International\/wp-json\/wp\/v2\/media?parent=114534"}],"wp:term":[{"taxonomy":"category","embeddable":true,"href":"https:\/\/linitiative.ca\/International\/wp-json\/wp\/v2\/categories?post=114534"},{"taxonomy":"post_tag","embeddable":true,"href":"https:\/\/linitiative.ca\/International\/wp-json\/wp\/v2\/tags?post=114534"}],"curies":[{"name":"wp","href":"https:\/\/api.w.org\/{rel}","templated":true}]}}