{"id":114535,"date":"2021-04-08T10:48:47","date_gmt":"2021-04-08T14:48:47","guid":{"rendered":"https:\/\/linitiative.ca\/International\/un-malade-mental-se-suicide-a-lhopital-de-safi\/"},"modified":"2021-04-08T10:48:47","modified_gmt":"2021-04-08T14:48:47","slug":"un-malade-mental-se-suicide-a-lhopital-de-safi","status":"publish","type":"post","link":"https:\/\/linitiative.ca\/International\/un-malade-mental-se-suicide-a-lhopital-de-safi\/","title":{"rendered":"Un malade mental se suicide  \u00e0 l\u2019h\u00f4pital de Safi"},"content":{"rendered":"<header>\n<\/header>\n<div class=\"entry-content clearfix\" readability=\"59\">\n<figure class=\"post-thumbnail\" itemprop=\"associatedMedia\" itemscope=\"itemscope\" itemtype=\"http:\/\/schema.org\/ImageObject\"><img decoding=\"async\" class=\"post_layout_5_img\" src=\"http:\/\/aujourdhui.ma\/wp-content\/uploads\/2016\/05\/malade-mental-1.jpg\" alt=\"Un malade mental se suicide \u00e0 l\u2019h\u00f4pital de Safi\"\/><\/figure>\n<p><strong>Un jeune homme de vingt-huit ans, malade mental, s\u2019est suicid\u00e9 par pendaison, dimanche dernier, au pavillon des malades mentaux, au Centre hospitalier Mohammed V, \u00e0 Safi. Hospitalis\u00e9, il y a deux jours, depuis le vendredi 2 avril, ce patient a \u00e9t\u00e9 retrouv\u00e9, lors de la visite de sa famille, pendu par une corde fabriqu\u00e9e de ses v\u00eatements.<\/strong><span id=\"more-373272\"\/><\/p>\n<p>Son cadavre a \u00e9t\u00e9 \u00e9vacu\u00e9 vers la morgue de l\u2019h\u00f4pital afin d\u2019\u00eatre autopsi\u00e9 et une enqu\u00eate a \u00e9t\u00e9 diligent\u00e9e pour d\u00e9terminer les circonstances et les causes de cet acte suicidaire dont ce patient a \u00e9t\u00e9 victime. Par ailleurs, un quinquag\u00e9naire a \u00e9galement mis fin \u00e0 sa vie, le m\u00eame jour, dimanche, dans un chantier de construction situ\u00e9 au quartier Elkachad\u00e9a, \u00e0 Nador. C\u2019est par un pur hasard que l\u2019un de ses proches qui est venu visiter le chantier l\u2019a trouv\u00e9 pendu par une corde. Encore c\u00e9libataire, ce quinquag\u00e9naire qui \u00e9tait un ressortissant marocain en Espagne aurait souffert, depuis longtemps, de troubles mentaux.<\/p>\n<\/div>\n<p>Auteur: Abderrafii ALOUMLIKI<br \/>\n<a href=\"https:\/\/aujourdhui.ma\/faits-divers\/un-malade-mental-se-suicide-a-lhopital-de-safi\">Cliquez ici pour lire l&rsquo;article depuis sa source.<\/a><\/p>\n","protected":false},"excerpt":{"rendered":"<p>Un jeune homme de vingt-huit ans, malade mental, s\u2019est suicid\u00e9 par pendaison, dimanche dernier, au pavillon des malades mentaux, au Centre hospitalier Mohammed V, \u00e0 Safi. Hospitalis\u00e9, il y a deux jours, depuis le vendredi 2 avril, ce patient a \u00e9t\u00e9 retrouv\u00e9, lors de la visite de sa famille, pendu par une corde fabriqu\u00e9e de [&hellip;]<\/p>\n","protected":false},"author":1759,"featured_media":0,"comment_status":"closed","ping_status":"closed","sticky":false,"template":"","format":"standard","meta":{"fifu_image_url":"http:\/\/aujourdhui.ma\/wp-content\/uploads\/2016\/05\/malade-mental-1.jpg","fifu_image_alt":"Un malade mental se suicide  \u00e0 l\u2019h\u00f4pital de Safi","footnotes":""},"categories":[73,54],"tags":[],"class_list":["post-114535","post","type-post","status-publish","format-standard","hentry","category-actualite","category-maroc"],"_links":{"self":[{"href":"https:\/\/linitiative.ca\/International\/wp-json\/wp\/v2\/posts\/114535","targetHints":{"allow":["GET"]}}],"collection":[{"href":"https:\/\/linitiative.ca\/International\/wp-json\/wp\/v2\/posts"}],"about":[{"href":"https:\/\/linitiative.ca\/International\/wp-json\/wp\/v2\/types\/post"}],"author":[{"embeddable":true,"href":"https:\/\/linitiative.ca\/International\/wp-json\/wp\/v2\/users\/1759"}],"replies":[{"embeddable":true,"href":"https:\/\/linitiative.ca\/International\/wp-json\/wp\/v2\/comments?post=114535"}],"version-history":[{"count":0,"href":"https:\/\/linitiative.ca\/International\/wp-json\/wp\/v2\/posts\/114535\/revisions"}],"wp:attachment":[{"href":"https:\/\/linitiative.ca\/International\/wp-json\/wp\/v2\/media?parent=114535"}],"wp:term":[{"taxonomy":"category","embeddable":true,"href":"https:\/\/linitiative.ca\/International\/wp-json\/wp\/v2\/categories?post=114535"},{"taxonomy":"post_tag","embeddable":true,"href":"https:\/\/linitiative.ca\/International\/wp-json\/wp\/v2\/tags?post=114535"}],"curies":[{"name":"wp","href":"https:\/\/api.w.org\/{rel}","templated":true}]}}