{"id":114536,"date":"2021-04-08T11:30:27","date_gmt":"2021-04-08T15:30:27","guid":{"rendered":"https:\/\/linitiative.ca\/International\/lart-moderne-marocain-mis-en-lumiere-au-musee-espagnol-reina-sofia\/"},"modified":"2021-04-08T11:30:27","modified_gmt":"2021-04-08T15:30:27","slug":"lart-moderne-marocain-mis-en-lumiere-au-musee-espagnol-reina-sofia","status":"publish","type":"post","link":"https:\/\/linitiative.ca\/International\/lart-moderne-marocain-mis-en-lumiere-au-musee-espagnol-reina-sofia\/","title":{"rendered":"L\u2019art moderne marocain mis en lumi\u00e8re  au Mus\u00e9e espagnol \u00abReina Sof\u00eda\u00bb"},"content":{"rendered":"<figure class=\"post-thumbnail\" itemprop=\"associatedMedia\" itemscope=\"itemscope\" itemtype=\"http:\/\/schema.org\/ImageObject\"><img decoding=\"async\" class=\"post_layout_5_img\" src=\"http:\/\/aujourdhui.ma\/wp-content\/uploads\/2021\/04\/Lart-moderne-marocain-mis-en-lumiere-au-Musee-espagnol-Reina-Sofia.jpg\" alt=\"L\u2019art moderne marocain mis en lumi\u00e8re au Mus\u00e9e espagnol \u00abReina Sof\u00eda\u00bb\"\/><\/figure>\n<p><span class=\"c5\"><strong>Il accueille plus de 250 \u0153uvres d\u2019art des plus grands ma\u00eetres<\/strong><\/span><span id=\"more-373254\"\/><\/p>\n<p>In\u00e9dit ! le Mus\u00e9e espagnol d\u2019art moderne et contemporain, connu sous le nom \u00abReina Sof\u00eda\u00bb, situ\u00e9 \u00e0 Madrid inaugure son programme 2021 avec une grande exposition consacr\u00e9e \u00e0 l\u2019art moderne marocain. Baptis\u00e9e \u00abLa trilogie marocaine 1950-2020\u00bb, cette exposition est organis\u00e9e en partenariat avec la Fondation nationale des mus\u00e9es et le minist\u00e8re de la Culture et des Sports du gouvernement espagnol, en collaboration avec Mathaf (Mus\u00e9e arabe d\u2019art moderne du Qatar). \u00abElle s\u2019inscrit dans le domaine de la recherche d\u00e9coloniale, l\u2019un des axes centraux de la programmation du mus\u00e9e. Il s\u2019agit d\u2019une premi\u00e8re tentative d\u2019\u00e9largir le champ de ces analyses en tournant le regard sur la rive sud de la M\u00e9diterran\u00e9e, berceau de la civilisation occidentale, et plus pr\u00e9cis\u00e9ment sur le Maroc\u00bb, peut-on lire sur le site du mus\u00e9e. En effet, \u00abLa trilogie marocaine 1950-2020\u00bb articule, selon la m\u00eame source, un dialogue visuel qui refl\u00e8te la production artistique \u00e0 trois moments historiques de l\u2019ind\u00e9pendance \u00e0 nos jours. Elle le fait \u00e0 travers une s\u00e9lection importante d\u2019\u0153uvres d\u2019art qui t\u00e9moignent de la diversit\u00e9 des initiatives, de la vitalit\u00e9 du d\u00e9bat artistique et des \u00e9changes interdisciplinaires au Maroc.<\/p>\n<p><span class=\"c6\"><strong>Un parcours en trois p\u00e9riodes cl\u00e9s<\/strong><\/span><\/p>\n<p>Ladite exposition dirig\u00e9e par Abdellah Karroum propose un r\u00e9cit des exp\u00e9riences artistiques au Maroc \u00e0 partir du milieu du XXe si\u00e8cle, en se concentrant particuli\u00e8rement sur les trois centres urbains de T\u00e9touan, Casablanca et Tanger. En effet, les \u0153uvres expos\u00e9es, produites entre 1950 et 2020, se combinent avec des documents d\u2019archives pour illustrer une histoire d\u2019une effervescence culturelle abondante. \u00abL\u2019exposition montre la diversit\u00e9 de l\u2019expression artistique au Maroc moderne, mettant en \u00e9vidence les chiffres cl\u00e9s de chaque p\u00e9riode de la transition \u00e0 l\u2019ind\u00e9pendance (1950-1969) aux soi-disant les ann\u00e9es de plomb \u00ab(1970-1999), puis \u00e0 aujourd\u2019hui (2000-2020)\u00bb, explique-t-on.<\/p>\n<p>La premi\u00e8re p\u00e9riode donne un aper\u00e7u sur la g\u00e9n\u00e9ration d\u2019artistes issus de l\u2019\u00e9cole de Casablanca et qui ont contribu\u00e9 \u00e0 ouvrir l\u2019art du pays \u00e0 la modernit\u00e9 avec des projets alliant artisanat et formes artistiques innovantes, en l\u2019occurrence Mohamed Melehi, Mohamed Chab\u00e2a, Farid Belkahia, Mohamed Hamidi, Mohamed Ataallah ou Mustapha Hafid. De m\u00eame, elle pr\u00e9sente de grands noms de la litt\u00e9rature marocaine les plus marqu\u00e9s lors de cette p\u00e9riode \u00e0 l\u2019instar Mohamed Choukri ou Abdellatif La\u00e2bi.<\/p>\n<p>Quant \u00e0 la seconde phase, elle donne \u00e0 voir une \u00e9poque \u00e0 laquelle fut apparu un art non acad\u00e9mique et non intellectualis\u00e9 repr\u00e9sent\u00e9 par des hommes et des femmes autodidactes li\u00e9s \u00e0 un dynamisme artistique vivant, comme dans le cas de Cha\u00efbia Talal et Fatima Hassan. La m\u00eame phase illustre \u00e9galement une nouvelle tendance contemporaine qui a commenc\u00e9 \u00e0 s\u2019imposer sur la sc\u00e8ne artistique marocaine \u00e0 la fin des ann\u00e9es 80. \u00abAdoptant de nouvelles approches artistiques, il s\u2019est cristallis\u00e9 dans les ann\u00e9es 1990 avec des artistes comme Mohamed El Baz, Mounir Fatmi et Yto Barrada\u00bb, notent les organisateurs.<\/p>\n<p>La derni\u00e8re partie de l\u2019exposition, qui couvre les ann\u00e9es 2000 \u00e0 2020, pr\u00e9sente, par ailleurs, le travail d\u2019une g\u00e9n\u00e9ration de jeunes artistes qui ont rompu avec le pass\u00e9 sur les plans formel, technique, symbolique et politique de l\u2019art. \u00abCette g\u00e9n\u00e9ration a fr\u00e9quent\u00e9 des lieux alternatifs o\u00f9 les artistes ont pris contact en marge des circuits conventionnels. Elle comprenait en outre un grand nombre de femmes artistes dont les \u0153uvres suscitent souvent une r\u00e9flexion critique sur l\u2019identit\u00e9 f\u00e9minine dans le contexte sp\u00e9cifique de la soci\u00e9t\u00e9 marocaine\u00bb.<br \/>Une fois de plus, l\u2019exposition \u00abLa trilogie marocaine 1950-2020\u00bb, pr\u00e9sente une \u00e9tude du patrimoine artistique du Maroc depuis la p\u00e9riode post-ind\u00e9pendance et une analyse de sa production contemporaine. Un grand \u00e9v\u00e9nement \u00e0 ne pas manquer !<\/p>\n<p>Auteur: Siham Jadraoui<br \/>\n<a href=\"https:\/\/aujourdhui.ma\/culture\/lart-moderne-marocain-mis-en-lumiere-au-musee-espagnol-reina-sofia\">Cliquez ici pour lire l&rsquo;article depuis sa source.<\/a><\/p>\n","protected":false},"excerpt":{"rendered":"<p>Il accueille plus de 250 \u0153uvres d\u2019art des plus grands ma\u00eetres In\u00e9dit ! le Mus\u00e9e espagnol d\u2019art moderne et contemporain, connu sous le nom \u00abReina Sof\u00eda\u00bb, situ\u00e9 \u00e0 Madrid inaugure son programme 2021 avec une grande exposition consacr\u00e9e \u00e0 l\u2019art moderne marocain. Baptis\u00e9e \u00abLa trilogie marocaine 1950-2020\u00bb, cette exposition est organis\u00e9e en partenariat avec la [&hellip;]<\/p>\n","protected":false},"author":1759,"featured_media":0,"comment_status":"closed","ping_status":"closed","sticky":false,"template":"","format":"standard","meta":{"fifu_image_url":"http:\/\/aujourdhui.ma\/wp-content\/uploads\/2021\/04\/Lart-moderne-marocain-mis-en-lumiere-au-Musee-espagnol-Reina-Sofia.jpg","fifu_image_alt":"L\u2019art moderne marocain mis en lumi\u00e8re  au Mus\u00e9e espagnol \u00abReina Sof\u00eda\u00bb","footnotes":""},"categories":[73,54],"tags":[],"class_list":["post-114536","post","type-post","status-publish","format-standard","hentry","category-actualite","category-maroc"],"_links":{"self":[{"href":"https:\/\/linitiative.ca\/International\/wp-json\/wp\/v2\/posts\/114536","targetHints":{"allow":["GET"]}}],"collection":[{"href":"https:\/\/linitiative.ca\/International\/wp-json\/wp\/v2\/posts"}],"about":[{"href":"https:\/\/linitiative.ca\/International\/wp-json\/wp\/v2\/types\/post"}],"author":[{"embeddable":true,"href":"https:\/\/linitiative.ca\/International\/wp-json\/wp\/v2\/users\/1759"}],"replies":[{"embeddable":true,"href":"https:\/\/linitiative.ca\/International\/wp-json\/wp\/v2\/comments?post=114536"}],"version-history":[{"count":0,"href":"https:\/\/linitiative.ca\/International\/wp-json\/wp\/v2\/posts\/114536\/revisions"}],"wp:attachment":[{"href":"https:\/\/linitiative.ca\/International\/wp-json\/wp\/v2\/media?parent=114536"}],"wp:term":[{"taxonomy":"category","embeddable":true,"href":"https:\/\/linitiative.ca\/International\/wp-json\/wp\/v2\/categories?post=114536"},{"taxonomy":"post_tag","embeddable":true,"href":"https:\/\/linitiative.ca\/International\/wp-json\/wp\/v2\/tags?post=114536"}],"curies":[{"name":"wp","href":"https:\/\/api.w.org\/{rel}","templated":true}]}}