{"id":114537,"date":"2021-04-07T14:00:57","date_gmt":"2021-04-07T18:00:57","guid":{"rendered":"https:\/\/linitiative.ca\/International\/%ef%bb%bfla-societe-civile-engagee-en-faveur-de-la-preservation-de-la-biodiversite\/"},"modified":"2021-04-07T14:00:57","modified_gmt":"2021-04-07T18:00:57","slug":"%ef%bb%bfla-societe-civile-engagee-en-faveur-de-la-preservation-de-la-biodiversite","status":"publish","type":"post","link":"https:\/\/linitiative.ca\/International\/%ef%bb%bfla-societe-civile-engagee-en-faveur-de-la-preservation-de-la-biodiversite\/","title":{"rendered":"\ufeffLa soci\u00e9t\u00e9 civile engag\u00e9e en faveur de la pr\u00e9servation de la biodiversit\u00e9"},"content":{"rendered":"<p class=\"has-text-color has-vivid-cyan-blue-color c1\"><strong>Marrakech<\/strong><\/p>\n<p><strong>Le Centre de D\u00e9veloppement de la R\u00e9gion du Tensift (CDRT) et le Mus\u00e9um d\u2019Histoire Naturelle de Marrakech (MHNM) relevant de l\u2019Universit\u00e9 Cadi Ayyad (UCA) de Marrakech contribuent \u00e0 la mise en oeuvre d\u2019un projet \u00e9cologique baptis\u00e9 \u00ab\u00a0Approche int\u00e9gr\u00e9e pour la conservation de la biodiversit\u00e9 dans le site du bassin \u00ab\u00a0Sahb El Masjoune dans la r\u00e9gion de Marrakech\u00a0\u00bb.<\/strong><\/p>\n<p>Financ\u00e9 par le Fonds de Partenariat pour les \u00c9cosyst\u00e8mes Critiques (CEFP), une initiative conjointe de l\u2019Agence Fran\u00e7aise de D\u00e9veloppement (AFD), l\u2019Union Europ\u00e9enne, le Fonds pour l\u2019Environnement Mondial (FEM), le gouvernement du Japon, Conservation internationale et la Banque Mondiale, ce projet est mis en \u0153uvre dans les provinces de Rehamna et d\u2019El Kela\u00e2 des Sraghna relevant de la r\u00e9gion Marrakech- Safi, par une \u00e9quipe d\u2019experts du CDRT en partenariat avec le MHNM, selon un communiqu\u00e9 du CDRT.<\/p>\n<p>Et la m\u00eame source de poursuivre que les menaces qui p\u00e8sent sur cette zone sont nombreuses, notant que le projet se propose donc d\u2019\u00e9valuer l\u2019impact de ces menaces et de proposer des actions d\u2019att\u00e9nuation car cette zone, qui tend \u00e0 devenir un syst\u00e8me anthropique, n\u00e9cessite des actions de restauration et de sensibilisation.<\/p>\n<p>Et la m\u00eame source de poursuivre que les menaces qui p\u00e8sent sur cette zone sont nombreuses, notant que le projet se propose donc d\u2019\u00e9valuer l\u2019impact de ces menaces et de proposer des actions d\u2019att\u00e9nuation car cette zone, qui tend \u00e0 devenir un syst\u00e8me anthropique, n\u00e9cessite des actions de restauration et de sensibilisation.<\/p>\n<p>Ce site requiert \u00e9galement le r\u00e9ajustement des pratiques agricoles et hydrauliques pour sa r\u00e9habilitation, et son \u00e9ventuel classement parmi les aires prot\u00e9g\u00e9es du Maroc, explique le CDRT qui estime que dans le cadre de ce projet, les actions de pr\u00e9servation et de conservation impliquent fortement la participation des populations locales et des utilisateurs.<\/p>\n<p>A noter que ce projet pr\u00e9voit des \u00e9tudes scientifiques compl\u00e9mentaires, outre la tenue de r\u00e9unions d\u2019information, de sensibilisation et de renforcement de capacit\u00e9s, l\u2019identification d\u2019actions pilotes avec des Solutions Bas\u00e9es sur la Nature (SBN), outre des ateliers de concertation pour l\u2019\u00e9ventuel classement du site.<\/p>\n<p>La conservation de la biodiversit\u00e9 menac\u00e9e du bassin de Sahb El Masjoune sera r\u00e9alis\u00e9e, selon une approche int\u00e9gr\u00e9e, par la mise en oeuvre de cinq composantes \u00e0 savoir : l\u2019am\u00e9lioration des connaissances scientifiques sur les ressources hydriques, la biodiversit\u00e9 du site et les services \u00e9co-syst\u00e9miques, l\u2019information, la sensibilisation et le renforcement des capacit\u00e9s des partenaires et des parties prenantes pour la conservation de la biodiversit\u00e9 du site.<\/p>\n<p>Il s\u2019agit aussi de l\u2019identification des actions pilotes d\u2019att\u00e9nuation des menaces et \u00e9tude de leur faisabilit\u00e9 en privil\u00e9giant des Solutions Bas\u00e9es sur la Nature (SBN), l\u2019\u00e9laboration d\u2019un dossier complet pour l\u2019\u00e9ventuel classement du site en aire prot\u00e9g\u00e9e et le d\u00e9veloppement des capacit\u00e9s des membres du CDRT, lit-on dans le communiqu\u00e9.<\/p>\n<p>Et de conclure que le projet pr\u00e9voit de contribuer \u00e0 la r\u00e9alisation des objectifs d\u2019Aichi, en r\u00e9duisant les pressions sur la biodiversit\u00e9, en sauvegardant la biodiversit\u00e9 \u00e0 tous les niveaux, en am\u00e9liorant les bienfaits apport\u00e9s par la biodiversit\u00e9 et en renfor\u00e7ant les capacit\u00e9s des parties prenantes.\u00a0<\/p>\n<p>Auteur: M&rsquo;hammed rahal<br \/>\n<a href=\"http:\/\/albayane.press.ma\/%EF%BB%BFla-societe-civile-engagee-en-faveur-de-la-preservation-de-la-biodiversite.html\">Cliquez ici pour lire l&rsquo;article depuis sa source.<\/a><\/p>\n","protected":false},"excerpt":{"rendered":"<p>Marrakech Le Centre de D\u00e9veloppement de la R\u00e9gion du Tensift (CDRT) et le Mus\u00e9um d\u2019Histoire Naturelle de Marrakech (MHNM) relevant de l\u2019Universit\u00e9 Cadi Ayyad (UCA) de Marrakech contribuent \u00e0 la mise en oeuvre d\u2019un projet \u00e9cologique baptis\u00e9 \u00ab\u00a0Approche int\u00e9gr\u00e9e pour la conservation de la biodiversit\u00e9 dans le site du bassin \u00ab\u00a0Sahb El Masjoune dans la [&hellip;]<\/p>\n","protected":false},"author":1760,"featured_media":0,"comment_status":"closed","ping_status":"closed","sticky":false,"template":"","format":"standard","meta":{"fifu_image_url":"","fifu_image_alt":"","footnotes":""},"categories":[73,54],"tags":[],"class_list":["post-114537","post","type-post","status-publish","format-standard","hentry","category-actualite","category-maroc"],"_links":{"self":[{"href":"https:\/\/linitiative.ca\/International\/wp-json\/wp\/v2\/posts\/114537","targetHints":{"allow":["GET"]}}],"collection":[{"href":"https:\/\/linitiative.ca\/International\/wp-json\/wp\/v2\/posts"}],"about":[{"href":"https:\/\/linitiative.ca\/International\/wp-json\/wp\/v2\/types\/post"}],"author":[{"embeddable":true,"href":"https:\/\/linitiative.ca\/International\/wp-json\/wp\/v2\/users\/1760"}],"replies":[{"embeddable":true,"href":"https:\/\/linitiative.ca\/International\/wp-json\/wp\/v2\/comments?post=114537"}],"version-history":[{"count":0,"href":"https:\/\/linitiative.ca\/International\/wp-json\/wp\/v2\/posts\/114537\/revisions"}],"wp:attachment":[{"href":"https:\/\/linitiative.ca\/International\/wp-json\/wp\/v2\/media?parent=114537"}],"wp:term":[{"taxonomy":"category","embeddable":true,"href":"https:\/\/linitiative.ca\/International\/wp-json\/wp\/v2\/categories?post=114537"},{"taxonomy":"post_tag","embeddable":true,"href":"https:\/\/linitiative.ca\/International\/wp-json\/wp\/v2\/tags?post=114537"}],"curies":[{"name":"wp","href":"https:\/\/api.w.org\/{rel}","templated":true}]}}