{"id":114543,"date":"2021-04-08T05:30:00","date_gmt":"2021-04-08T09:30:00","guid":{"rendered":"https:\/\/linitiative.ca\/International\/le-proprietaire-dun-bar-assassine\/"},"modified":"2021-04-08T05:30:00","modified_gmt":"2021-04-08T09:30:00","slug":"le-proprietaire-dun-bar-assassine","status":"publish","type":"post","link":"https:\/\/linitiative.ca\/International\/le-proprietaire-dun-bar-assassine\/","title":{"rendered":"Le propri\u00e9taire d\u2019un bar assassin\u00e9"},"content":{"rendered":"<div id=\"originalText\" readability=\"60\">\n<p>Le propri\u00e9taire d\u2019un bar \u00e0 A\u00efn El-Hammam, localit\u00e9 sise \u00e0 une cinquantaine de kilom\u00e8tres \u00e0 l\u2019est de la ville de Tizi Ouzou, a \u00e9t\u00e9 froidement assassin\u00e9, mardi soir, a-t-on appris de sources locales.\u00a0<br \/>Selon des sources, Kader a \u00e9t\u00e9 surpris par son ou ses assassins apr\u00e8s que les derniers clients ont quitt\u00e9 les lieux et qu\u2019il s\u2019appr\u00eatait \u00e0 fermer, vers 21h, son d\u00e9bit de boissons situ\u00e9 en bas de l\u2019immeuble o\u00f9 il r\u00e9side. Le forfait aurait \u00e9t\u00e9 commis \u00e0 l\u2019arme blanche, selon les indications fournies par nos sources.\u00a0 C\u2019est plut\u00f4t la piste d\u2019un crime crapuleux qui est retenue pour le moment, selon des sources s\u00e9curitaires, puisque le ou les auteurs se sont empar\u00e9s d\u2019une importante somme d\u2019argent.<\/p>\n<p>Une enqu\u00eate a, toutefois, \u00e9t\u00e9 ouverte par les services de s\u00e9curit\u00e9, afin d\u2019\u00e9lucider les circonstances exactes ainsi que les tenants et aboutissants de cet assassinat et de tenter d\u2019identifier le ou les auteurs.\u00a0 La nouvelle, qui n\u2019a pas tard\u00e9 \u00e0 faire le tour de la localit\u00e9, a jet\u00e9 l\u2019\u00e9moi dans la population o\u00f9 tout le monde, dit-on, conna\u00eet la victime pour sa bont\u00e9, sa g\u00e9n\u00e9rosit\u00e9 et surtout pour l\u2019homme qu\u2019il \u00e9tait, \u00e0 savoir sans histoire et sans aucun ant\u00e9c\u00e9dent. La population locale est d\u2019autant plus choqu\u00e9e que la r\u00e9gion n\u2019est pas habitu\u00e9e \u00e0 ce genre d\u2019affaire, notamment cette derni\u00e8re d\u00e9cennie.\u00a0<\/p>\n<p class=\"c6\"><strong>S. LESLOUS<\/strong><\/p>\n<\/div>\n<div id=\"text_core\" readability=\"60\">\n<p>Le propri\u00e9taire d\u2019un bar \u00e0 A\u00efn El-Hammam, localit\u00e9 sise \u00e0 une cinquantaine de kilom\u00e8tres \u00e0 l\u2019est de la ville de Tizi Ouzou, a \u00e9t\u00e9 froidement assassin\u00e9, mardi soir, a-t-on appris de sources locales.\u00a0<br \/>Selon des sources, Kader a \u00e9t\u00e9 surpris par son ou ses assassins apr\u00e8s que les derniers clients ont quitt\u00e9 les lieux et qu\u2019il s\u2019appr\u00eatait \u00e0 fermer, vers 21h, son d\u00e9bit de boissons situ\u00e9 en bas de l\u2019immeuble o\u00f9 il r\u00e9side. Le forfait aurait \u00e9t\u00e9 commis \u00e0 l\u2019arme blanche, selon les indications fournies par nos sources.\u00a0 C\u2019est plut\u00f4t la piste d\u2019un crime crapuleux qui est retenue pour le moment, selon des sources s\u00e9curitaires, puisque le ou les auteurs se sont empar\u00e9s d\u2019une importante somme d\u2019argent.<\/p>\n<p>Une enqu\u00eate a, toutefois, \u00e9t\u00e9 ouverte par les services de s\u00e9curit\u00e9, afin d\u2019\u00e9lucider les circonstances exactes ainsi que les tenants et aboutissants de cet assassinat et de tenter d\u2019identifier le ou les auteurs.\u00a0 La nouvelle, qui n\u2019a pas tard\u00e9 \u00e0 faire le tour de la localit\u00e9, a jet\u00e9 l\u2019\u00e9moi dans la population o\u00f9 tout le monde, dit-on, conna\u00eet la victime pour sa bont\u00e9, sa g\u00e9n\u00e9rosit\u00e9 et surtout pour l\u2019homme qu\u2019il \u00e9tait, \u00e0 savoir sans histoire et sans aucun ant\u00e9c\u00e9dent. La population locale est d\u2019autant plus choqu\u00e9e que la r\u00e9gion n\u2019est pas habitu\u00e9e \u00e0 ce genre d\u2019affaire, notamment cette derni\u00e8re d\u00e9cennie.\u00a0<\/p>\n<p class=\"c6\"><strong>S. LESLOUS<\/strong><\/p>\n<\/div>\n<p>Auteur:<br \/>\n<a href=\"https:\/\/www.liberte-algerie.com\/actualite\/le-proprietaire-dun-bar-assassine-356864\">Cliquez ici pour lire l&rsquo;article depuis sa source.<\/a><\/p>\n","protected":false},"excerpt":{"rendered":"<p>Le propri\u00e9taire d\u2019un bar \u00e0 A\u00efn El-Hammam, localit\u00e9 sise \u00e0 une cinquantaine de kilom\u00e8tres \u00e0 l\u2019est de la ville de Tizi Ouzou, a \u00e9t\u00e9 froidement assassin\u00e9, mardi soir, a-t-on appris de sources locales.\u00a0Selon des sources, Kader a \u00e9t\u00e9 surpris par son ou ses assassins apr\u00e8s que les derniers clients ont quitt\u00e9 les lieux et qu\u2019il [&hellip;]<\/p>\n","protected":false},"author":1742,"featured_media":0,"comment_status":"closed","ping_status":"closed","sticky":false,"template":"","format":"standard","meta":{"fifu_image_url":"","fifu_image_alt":"","footnotes":""},"categories":[73,53],"tags":[],"class_list":["post-114543","post","type-post","status-publish","format-standard","hentry","category-actualite","category-algerie"],"_links":{"self":[{"href":"https:\/\/linitiative.ca\/International\/wp-json\/wp\/v2\/posts\/114543","targetHints":{"allow":["GET"]}}],"collection":[{"href":"https:\/\/linitiative.ca\/International\/wp-json\/wp\/v2\/posts"}],"about":[{"href":"https:\/\/linitiative.ca\/International\/wp-json\/wp\/v2\/types\/post"}],"author":[{"embeddable":true,"href":"https:\/\/linitiative.ca\/International\/wp-json\/wp\/v2\/users\/1742"}],"replies":[{"embeddable":true,"href":"https:\/\/linitiative.ca\/International\/wp-json\/wp\/v2\/comments?post=114543"}],"version-history":[{"count":0,"href":"https:\/\/linitiative.ca\/International\/wp-json\/wp\/v2\/posts\/114543\/revisions"}],"wp:attachment":[{"href":"https:\/\/linitiative.ca\/International\/wp-json\/wp\/v2\/media?parent=114543"}],"wp:term":[{"taxonomy":"category","embeddable":true,"href":"https:\/\/linitiative.ca\/International\/wp-json\/wp\/v2\/categories?post=114543"},{"taxonomy":"post_tag","embeddable":true,"href":"https:\/\/linitiative.ca\/International\/wp-json\/wp\/v2\/tags?post=114543"}],"curies":[{"name":"wp","href":"https:\/\/api.w.org\/{rel}","templated":true}]}}