{"id":114544,"date":"2021-04-08T06:19:39","date_gmt":"2021-04-08T10:19:39","guid":{"rendered":"https:\/\/linitiative.ca\/International\/previsions-meteorologiques-pour-le-jeudi-08-avril\/"},"modified":"2021-04-08T06:19:39","modified_gmt":"2021-04-08T10:19:39","slug":"previsions-meteorologiques-pour-le-jeudi-08-avril","status":"publish","type":"post","link":"https:\/\/linitiative.ca\/International\/previsions-meteorologiques-pour-le-jeudi-08-avril\/","title":{"rendered":"Pr\u00e9visions m\u00e9t\u00e9orologiques pour le jeudi 08 avril"},"content":{"rendered":"<div readability=\"34\">\n<p>Voici les pr\u00e9visions m\u00e9t\u00e9orologiques pour la journ\u00e9e du jeudi 08 avril 2021, \u00e9tablies par la Direction g\u00e9n\u00e9rale de la m\u00e9t\u00e9orologie:<\/p>\n<\/div>\n<div readability=\"70\">\n<p>\u2013 Nuages instables sur le Haut et le Moyen-Atlas, le Rif et la M\u00e9diterran\u00e9e avec ond\u00e9es ou averses parfois orageuses, d\u00e9bordant par endroits sur le Saiss, les plateaux des phosphates et d\u2019Oulm\u00e8s et le Nord de l\u2019Oriental.<\/p>\n<p>\u2013 Nuages bas et formations brumeuses sur les c\u00f4tes et les plaines Nord et Centre, le Saiss et les plateaux de phosphates et d\u2019Oulm\u00e8s.<\/p>\n<p>\u2013 Ciel passag\u00e8rement nuageux sur le Nord-ouest avec ond\u00e9es \u00e9parses.<\/p>\n<p>\u2013 Temps stable avec ciel clair \u00e0 peu nuageux ailleurs.<\/p>\n<p>\u2013 Vent mod\u00e9r\u00e9 \u00e0 assez fort de secteur Est sur le Tang\u00e9rois et la M\u00e9diterran\u00e9e, mod\u00e9r\u00e9 de Nord sur le Sud et faible \u00e0 mod\u00e9r\u00e9 de Sud \u00e0 Est sur le Sud-est et les Hauts plateaux Orientaux et de Nord \u00e0 Ouest ailleurs.<\/p>\n<p>\u2013 Temp\u00e9ratures minimales de l\u2019ordre de 04\/10\u00b0C sur les reliefs, 16\/21\u00b0C sur les extr\u00eames Sud et Sud-Est et de 10\/15\u00b0C ailleurs.<\/p>\n<p>\u2013 Temp\u00e9ratures maximales de l\u2019ordre de 13\/18\u00b0C sur les reliefs, 18\/23\u00b0C sur la M\u00e9diterran\u00e9e, le Nord de l\u2019Oriental, les plateaux des phosphates et d\u2019Oulm\u00e8s ainsi que sur les c\u00f4tes, 24\/29\u00b0C sur les plaines \u00e0 l\u2019Ouest de l\u2019Atlas, le Sud de l\u2019Oriental, le Saiss, le Sud-Est, le Souss et le Nord des provinces Sud et de 28\/33\u00b0C sur les extr\u00eames Sud et Sud-Est.<\/p>\n<p>\u2013 Mer agit\u00e9e \u00e0 forte sur la M\u00e9diterran\u00e9e et le D\u00e9troit et peu agit\u00e9e \u00e0 agit\u00e9e sur les c\u00f4tes atlantiques.<\/p>\n<\/div>\n<p>Auteur: Mohammed KOURSI<br \/>\n<a href=\"http:\/\/www.mapmarrakech.ma\/fr\/previsions-meteorologiques-pour-le-jeudi-08-avril\/\">Cliquez ici pour lire l&rsquo;article depuis sa source.<\/a><\/p>\n","protected":false},"excerpt":{"rendered":"<p>Voici les pr\u00e9visions m\u00e9t\u00e9orologiques pour la journ\u00e9e du jeudi 08 avril 2021, \u00e9tablies par la Direction g\u00e9n\u00e9rale de la m\u00e9t\u00e9orologie: \u2013 Nuages instables sur le Haut et le Moyen-Atlas, le Rif et la M\u00e9diterran\u00e9e avec ond\u00e9es ou averses parfois orageuses, d\u00e9bordant par endroits sur le Saiss, les plateaux des phosphates et d\u2019Oulm\u00e8s et le Nord [&hellip;]<\/p>\n","protected":false},"author":1788,"featured_media":0,"comment_status":"closed","ping_status":"closed","sticky":false,"template":"","format":"standard","meta":{"fifu_image_url":"","fifu_image_alt":"","footnotes":""},"categories":[54,76],"tags":[],"class_list":["post-114544","post","type-post","status-publish","format-standard","hentry","category-maroc","category-regions"],"_links":{"self":[{"href":"https:\/\/linitiative.ca\/International\/wp-json\/wp\/v2\/posts\/114544","targetHints":{"allow":["GET"]}}],"collection":[{"href":"https:\/\/linitiative.ca\/International\/wp-json\/wp\/v2\/posts"}],"about":[{"href":"https:\/\/linitiative.ca\/International\/wp-json\/wp\/v2\/types\/post"}],"author":[{"embeddable":true,"href":"https:\/\/linitiative.ca\/International\/wp-json\/wp\/v2\/users\/1788"}],"replies":[{"embeddable":true,"href":"https:\/\/linitiative.ca\/International\/wp-json\/wp\/v2\/comments?post=114544"}],"version-history":[{"count":0,"href":"https:\/\/linitiative.ca\/International\/wp-json\/wp\/v2\/posts\/114544\/revisions"}],"wp:attachment":[{"href":"https:\/\/linitiative.ca\/International\/wp-json\/wp\/v2\/media?parent=114544"}],"wp:term":[{"taxonomy":"category","embeddable":true,"href":"https:\/\/linitiative.ca\/International\/wp-json\/wp\/v2\/categories?post=114544"},{"taxonomy":"post_tag","embeddable":true,"href":"https:\/\/linitiative.ca\/International\/wp-json\/wp\/v2\/tags?post=114544"}],"curies":[{"name":"wp","href":"https:\/\/api.w.org\/{rel}","templated":true}]}}