{"id":114545,"date":"2021-04-08T11:01:30","date_gmt":"2021-04-08T15:01:30","guid":{"rendered":"https:\/\/linitiative.ca\/International\/fortes-averses-orageuses-jeudi-et-vendredi-dans-plusieurs-provinces\/"},"modified":"2021-04-08T11:01:30","modified_gmt":"2021-04-08T15:01:30","slug":"fortes-averses-orageuses-jeudi-et-vendredi-dans-plusieurs-provinces","status":"publish","type":"post","link":"https:\/\/linitiative.ca\/International\/fortes-averses-orageuses-jeudi-et-vendredi-dans-plusieurs-provinces\/","title":{"rendered":"Fortes averses orageuses jeudi et vendredi dans plusieurs provinces"},"content":{"rendered":"<div readability=\"35\">\n<p>De fortes averses orageuses de niveau de vigilance orange (25 \u00e0 35mm) sont attendues jeudi et vendredi dans plusieurs provinces du Royaume, a annonc\u00e9 la Direction g\u00e9n\u00e9rale de la m\u00e9t\u00e9orologie (DGM).<\/p>\n<\/div>\n<div readability=\"66\">\n<p>Le ph\u00e9nom\u00e8ne concernera, jeudi de 15h \u00e0 23h, les provinces d\u2019Al Hoceima, Chefchaouen, Ifrane, Kh\u00e9nifra, Sefrou, Taounate, Taza et F\u00e8s, pr\u00e9cise la DGM dans un\u00a0bulletin\u00a0m\u00e9t\u00e9orologique sp\u00e9cial.<\/p>\n<p>Les provinces d\u2019Al Hoceima, B\u00e9ni Mellal, Boulemane, Midelt, Ifrane, Kh\u00e9nifra, Sefrou, Taounate et Taza seront concern\u00e9es par le m\u00eame ph\u00e9nom\u00e8ne vendredi de 14h \u00e0 23h, ajoute la m\u00eame source.<\/p>\n<p>Ces averses orageuses seront accompagn\u00e9es localement par des chutes de gr\u00eale et des rafales de vents sous orages, fait savoir la DGM, notant que des averses orageuses mod\u00e9r\u00e9es (15 \u00e0 20mm) int\u00e9resseront cet apr\u00e8s-midi et la nuit les provinces de Khouribga, El Hajeb et T\u00e9touan.<\/p>\n<p>Par ailleurs, des rafales de vents assez fortes (60 \u00e0 70km\/h) sont pr\u00e9vues cette journ\u00e9e dans la r\u00e9gion du Tang\u00e9rois, rel\u00e8ve le\u00a0bulletin.<\/p>\n<\/div>\n<p>Auteur: Mohammed KOURSI<br \/>\n<a href=\"http:\/\/www.mapmarrakech.ma\/fr\/fortes-averses-orageuses-jeudi-et-vendredi-dans-plusieurs-provinces\/\">Cliquez ici pour lire l&rsquo;article depuis sa source.<\/a><\/p>\n","protected":false},"excerpt":{"rendered":"<p>De fortes averses orageuses de niveau de vigilance orange (25 \u00e0 35mm) sont attendues jeudi et vendredi dans plusieurs provinces du Royaume, a annonc\u00e9 la Direction g\u00e9n\u00e9rale de la m\u00e9t\u00e9orologie (DGM). Le ph\u00e9nom\u00e8ne concernera, jeudi de 15h \u00e0 23h, les provinces d\u2019Al Hoceima, Chefchaouen, Ifrane, Kh\u00e9nifra, Sefrou, Taounate, Taza et F\u00e8s, pr\u00e9cise la DGM dans [&hellip;]<\/p>\n","protected":false},"author":1788,"featured_media":0,"comment_status":"closed","ping_status":"closed","sticky":false,"template":"","format":"standard","meta":{"fifu_image_url":"","fifu_image_alt":"","footnotes":""},"categories":[54,76],"tags":[],"class_list":["post-114545","post","type-post","status-publish","format-standard","hentry","category-maroc","category-regions"],"_links":{"self":[{"href":"https:\/\/linitiative.ca\/International\/wp-json\/wp\/v2\/posts\/114545","targetHints":{"allow":["GET"]}}],"collection":[{"href":"https:\/\/linitiative.ca\/International\/wp-json\/wp\/v2\/posts"}],"about":[{"href":"https:\/\/linitiative.ca\/International\/wp-json\/wp\/v2\/types\/post"}],"author":[{"embeddable":true,"href":"https:\/\/linitiative.ca\/International\/wp-json\/wp\/v2\/users\/1788"}],"replies":[{"embeddable":true,"href":"https:\/\/linitiative.ca\/International\/wp-json\/wp\/v2\/comments?post=114545"}],"version-history":[{"count":0,"href":"https:\/\/linitiative.ca\/International\/wp-json\/wp\/v2\/posts\/114545\/revisions"}],"wp:attachment":[{"href":"https:\/\/linitiative.ca\/International\/wp-json\/wp\/v2\/media?parent=114545"}],"wp:term":[{"taxonomy":"category","embeddable":true,"href":"https:\/\/linitiative.ca\/International\/wp-json\/wp\/v2\/categories?post=114545"},{"taxonomy":"post_tag","embeddable":true,"href":"https:\/\/linitiative.ca\/International\/wp-json\/wp\/v2\/tags?post=114545"}],"curies":[{"name":"wp","href":"https:\/\/api.w.org\/{rel}","templated":true}]}}