{"id":114546,"date":"2021-04-08T13:06:13","date_gmt":"2021-04-08T17:06:13","guid":{"rendered":"https:\/\/linitiative.ca\/International\/al-haouz-rencontre-dinformation-autour-de-la-cpu\/"},"modified":"2021-04-08T13:06:13","modified_gmt":"2021-04-08T17:06:13","slug":"al-haouz-rencontre-dinformation-autour-de-la-cpu","status":"publish","type":"post","link":"https:\/\/linitiative.ca\/International\/al-haouz-rencontre-dinformation-autour-de-la-cpu\/","title":{"rendered":"Al Haouz: Rencontre d\u2019information autour de la CPU"},"content":{"rendered":"<div readability=\"36\">\n<p>Tahanaout (Province d\u2019Al Haouz)- Une rencontre de communication et d\u2019information autour de la Contribution Professionnelle Unique (CPU) a \u00e9t\u00e9 organis\u00e9e mercredi \u00e0 Tahanaout (province d\u2019Al Haouz), \u00e0 l\u2019initiative conjointe de la Direction R\u00e9gionale des Imp\u00f4ts et de la Direction R\u00e9gionale Tensift-Atlantique de la Caisse Nationale de S\u00e9curit\u00e9 Sociale (CNSS).<\/p>\n<\/div>\n<div readability=\"93\">\n<p>Tenue en pr\u00e9sence notamment, du gouverneur de la province d\u2019Al Haouz, Rachid Benchikhi, de la directrice r\u00e9gionale des Imp\u00f4ts \u00e0 Marrakech, Mme Souad Baya et le directeur r\u00e9gional de la CNSS pour la r\u00e9gion Tensift-Atlantique, M. Abdelhamid Azouaoui, cette r\u00e9union de travail s\u2019inscrit dans le cadre d\u2019une s\u00e9rie de rencontres similaires organis\u00e9es, \u00e0 travers le territoire de la r\u00e9gion afin de sensibiliser sur les diff\u00e9rentes dispositions de ce nouveau r\u00e9gime fiscal qui a remplac\u00e9 le r\u00e9gime du b\u00e9n\u00e9fice forfaitaire en vertu de la Loi de Finances 2021.<\/p>\n<p>Intervenant \u00e0 cette occasion, M. Benchikhi a relev\u00e9 l\u2019importance de cette rencontre qui rentre dans le cadre de la mise en \u0153uvre d\u2019un chantier national ambitieux, dont SM le Roi Mohammed VI a pos\u00e9 les jalons dans Son Discours du Tr\u00f4ne de 2020 et a r\u00e9affirm\u00e9 le caract\u00e8re prioritaire, \u00e0 l\u2019occasion de l\u2019ouverture de l\u2019ann\u00e9e l\u00e9gislative du Parlement en octobre de la m\u00eame ann\u00e9e.<\/p>\n<p>Ce chantier d\u2019envergure repr\u00e9sente un levier d\u2019int\u00e9gration du secteur non formel dans le tissu \u00e9conomique national et de consolidation du principe de l\u2019\u00e9quit\u00e9 et de la solidarit\u00e9 au sein de la soci\u00e9t\u00e9, a-t-il ajout\u00e9, appelant \u00e0 une interaction effective et positive avec ce projet soci\u00e9tal noble.<\/p>\n<p>Dans ce contexte, M. Benchickhi a incit\u00e9 les services de\u00a0la Direction R\u00e9gionale des Imp\u00f4ts et de la Direction R\u00e9gionale Tensift-Atlantique de la CNSS, \u00e0 une forte mobilisation pour \u00eatre en mesure d\u2019accompagner les professionnels, de mani\u00e8re \u00e0 lever toute confusion ou ambigu\u00eft\u00e9, et ce dans le cadre de la concertation et du dialogue constructif.<\/p>\n<p>Rehauss\u00e9e par la pr\u00e9sence \u00e9galement de plusieurs responsables r\u00e9gionaux et provinciaux, des pr\u00e9sidents des chambres professionnelles et des repr\u00e9sentants des commer\u00e7ants, des professionnels et des artisans, d\u2019\u00e9lus locaux, et des agents d\u2019autorit\u00e9, cette rencontre a \u00e9t\u00e9 l\u2019occasion pour l\u2019assistance de suivre une s\u00e9rie d\u2019expos\u00e9s pr\u00e9sent\u00e9s respectivement par Mme Souad Baya et M. Abdelhamid Azouaoui, ax\u00e9s sur les dispositifs de ce nouveau r\u00e9gime fiscal, ses objectifs ainsi que sur les privil\u00e8ges qu\u2019il octroie aux cat\u00e9gories cibl\u00e9es.<\/p>\n<p>Instaur\u00e9e en vertu de la Loi de Finances 2021, la CPU permet, d\u2019une part, aux professionnels auparavant soumis au r\u00e9gime du b\u00e9n\u00e9fice forfaitaire de s\u2019acquitter, d\u00e9sormais, d\u2019un seul imp\u00f4t rempla\u00e7ant l\u2019imp\u00f4t forfaitaire sur le revenu, la taxe professionnelle et la taxe des services communaux et, d\u2019autre part, elle leur assure une couverture m\u00e9dicale, \u00e0 travers un droit compl\u00e9mentaire destin\u00e9 aux prestations sociales couvrant l\u2019assurance maladie obligatoire, rappelle-t-on.<\/p>\n<\/div>\n<p>Auteur: Mohammed KOURSI<br \/>\n<a href=\"http:\/\/www.mapmarrakech.ma\/fr\/al-haouz-rencontre-dinformation-autour-de-la-cpu\/\">Cliquez ici pour lire l&rsquo;article depuis sa source.<\/a><\/p>\n","protected":false},"excerpt":{"rendered":"<p>Tahanaout (Province d\u2019Al Haouz)- Une rencontre de communication et d\u2019information autour de la Contribution Professionnelle Unique (CPU) a \u00e9t\u00e9 organis\u00e9e mercredi \u00e0 Tahanaout (province d\u2019Al Haouz), \u00e0 l\u2019initiative conjointe de la Direction R\u00e9gionale des Imp\u00f4ts et de la Direction R\u00e9gionale Tensift-Atlantique de la Caisse Nationale de S\u00e9curit\u00e9 Sociale (CNSS). Tenue en pr\u00e9sence notamment, du gouverneur [&hellip;]<\/p>\n","protected":false},"author":1788,"featured_media":0,"comment_status":"closed","ping_status":"closed","sticky":false,"template":"","format":"standard","meta":{"fifu_image_url":"","fifu_image_alt":"","footnotes":""},"categories":[54,76],"tags":[],"class_list":["post-114546","post","type-post","status-publish","format-standard","hentry","category-maroc","category-regions"],"_links":{"self":[{"href":"https:\/\/linitiative.ca\/International\/wp-json\/wp\/v2\/posts\/114546","targetHints":{"allow":["GET"]}}],"collection":[{"href":"https:\/\/linitiative.ca\/International\/wp-json\/wp\/v2\/posts"}],"about":[{"href":"https:\/\/linitiative.ca\/International\/wp-json\/wp\/v2\/types\/post"}],"author":[{"embeddable":true,"href":"https:\/\/linitiative.ca\/International\/wp-json\/wp\/v2\/users\/1788"}],"replies":[{"embeddable":true,"href":"https:\/\/linitiative.ca\/International\/wp-json\/wp\/v2\/comments?post=114546"}],"version-history":[{"count":0,"href":"https:\/\/linitiative.ca\/International\/wp-json\/wp\/v2\/posts\/114546\/revisions"}],"wp:attachment":[{"href":"https:\/\/linitiative.ca\/International\/wp-json\/wp\/v2\/media?parent=114546"}],"wp:term":[{"taxonomy":"category","embeddable":true,"href":"https:\/\/linitiative.ca\/International\/wp-json\/wp\/v2\/categories?post=114546"},{"taxonomy":"post_tag","embeddable":true,"href":"https:\/\/linitiative.ca\/International\/wp-json\/wp\/v2\/tags?post=114546"}],"curies":[{"name":"wp","href":"https:\/\/api.w.org\/{rel}","templated":true}]}}