{"id":114547,"date":"2021-04-08T13:14:22","date_gmt":"2021-04-08T17:14:22","guid":{"rendered":"https:\/\/linitiative.ca\/International\/webinaire-sur-la-prise-en-charge-des-insuffisances-renales-chroniques\/"},"modified":"2021-04-08T13:14:22","modified_gmt":"2021-04-08T17:14:22","slug":"webinaire-sur-la-prise-en-charge-des-insuffisances-renales-chroniques","status":"publish","type":"post","link":"https:\/\/linitiative.ca\/International\/webinaire-sur-la-prise-en-charge-des-insuffisances-renales-chroniques\/","title":{"rendered":"Webinaire sur la prise en charge des insuffisances r\u00e9nales chroniques"},"content":{"rendered":"<div readability=\"37\">\n<p>Marrakech- La Direction R\u00e9gionale de la Sant\u00e9 de Marrakech-Safi a organis\u00e9, mercredi, un webinaire sous le th\u00e8me \u00ab\u00a0la prise en charge des insuffisances r\u00e9nales chroniques terminales dans le contexte Covid-19\u00a0\u00bb et ce, \u00e0 l\u2019occasion de la c\u00e9l\u00e9bration de la Journ\u00e9e mondiale de la sant\u00e9.<\/p>\n<\/div>\n<div readability=\"122\">\n<p>A cette occasion, les participants ont soulign\u00e9 la n\u00e9cessit\u00e9 de d\u00e9velopper la transplantation r\u00e9nale et la dialyse p\u00e9riton\u00e9ale, appelant \u00e0 saisir l\u2019opportunit\u00e9 qu\u2019offre la c\u00e9l\u00e9bration de la Journ\u00e9e mondiale du don d\u2019organes pour encourager cette culture.<\/p>\n<p>Ils ont, par ailleurs, salu\u00e9 l\u2019approche adopt\u00e9e par le Maroc, sous la conduite \u00e9clair\u00e9e de SM le Roi Mohammed VI, pour faire face \u00e0 la pand\u00e9mie de la Covid-19, soulignant la n\u00e9cessit\u00e9 de f\u00e9d\u00e9rer les efforts de toutes les parties concern\u00e9es pour prot\u00e9ger les personnes ayant une sant\u00e9 fragile, y compris les patients souffrant d\u2019insuffisance r\u00e9nale chronique.<\/p>\n<p>\u00ab\u00a0La prise en charge des patients souffrant d\u2019une maladie r\u00e9nale chronique et atteints de la Covid-19 dans la r\u00e9gion a \u00e9t\u00e9 consid\u00e9r\u00e9e comme un mod\u00e8le pour les autres r\u00e9gions du Royaume, notamment en mati\u00e8re du partenariat public-priv\u00e9\u00a0\u00bb, a soulign\u00e9 la Directrice R\u00e9gionale de la Sant\u00e9 (DRS) de Marrakech- Safi, Mme Lamia Chakiri.<\/p>\n<p>Faisant savoir que l\u2019exp\u00e9rience en mati\u00e8re de lutte contre la pand\u00e9mie a permis de cerner les contraintes auxquelles fait face le syst\u00e8me sanitaire et d\u2019am\u00e9liorer la prise en charge de ces patients, Mme Chakiri a relev\u00e9 que la pand\u00e9mie a mis en avant les comp\u00e9tences des cadres m\u00e9dicaux et les exp\u00e9riences pr\u00e9cieuses qu\u2019ils ont pu acqu\u00e9rir.<\/p>\n<p>Dans ce sens, elle a indiqu\u00e9 que la gestion de la pand\u00e9mie et le succ\u00e8s de la campagne nationale de vaccination men\u00e9e sous la conduite \u00e9clair\u00e9e de SM le Roi Mohammed VI, d\u00e9montrent, si besoin est, un partenariat efficace entre les acteurs impliqu\u00e9s dans ce secteur, ayant fait du Royaume un pays leader dans la gestion de cette pand\u00e9mie.<\/p>\n<p>Dans leurs pr\u00e9sentations, Dr Khalid El-Mountassir, du service Sant\u00e9 publique \u00e0 la Direction r\u00e9gionale de la Sant\u00e9 Marrakech-Safi, et Dr Kawtar El Asslouj, M\u00e9decin n\u00e9phrologue au Centre Hospitalier R\u00e9gional Ibn Zohr, ont rappel\u00e9 que le nombre des patients souffrant d\u2019une maladie r\u00e9nale chronique et atteints de la Covid-19 s\u2019est \u00e9lev\u00e9 \u00e0 286, dont 179 patients \u00e0 Marrakech, 33 \u00e0 Safi, 16 \u00e0 Essaouira et 23 \u00e0 El Kela\u00e2 des Sraghna, alors que le taux de mortalit\u00e9 a atteint 17% et le taux de gu\u00e9rison 83%.<\/p>\n<p>Ils ont tenu \u00e0 indiquer qu\u2019une batterie de mesures ont \u00e9t\u00e9 prises pour prendre en charge cette cat\u00e9gorie, notamment la formation des cadres sp\u00e9cialis\u00e9s et la multiplication des campagnes de sensibilisation.<\/p>\n<p>Pour sa part, Wafaa Fadili, Professeur en n\u00e9phrologie au CHU Mohammed VI, a soulign\u00e9 que la prise en charge des patients atteints d\u2019insuffisance r\u00e9nale s\u2019est nettement d\u00e9velopp\u00e9e afin de faire face aux besoins de prise en charge et de renforcer les capacit\u00e9s des centres d\u2019h\u00e9modialyse.<\/p>\n<p>De son c\u00f4t\u00e9, le pr\u00e9sident de l\u2019Association Youssoufia, Tawfik Sidi Hida, a appel\u00e9 \u00e0 la valorisation des mesures prises pour faire face aux nouvelles vagues potentielles de la Covid-19, affirmant que la pand\u00e9mie n\u2019est pas encore maitris\u00e9e ce qui requiert davantage de vigilance et de mobilisation.<\/p>\n<p>Pour sa part, Ali Benabderrazik, du Conseil de la r\u00e9gion Marrakech-Safi, a affirm\u00e9 que les centres d\u2019h\u00e9modialyse situ\u00e9s dans les h\u00f4pitaux ont atteint un niveau tr\u00e8s avanc\u00e9 de mani\u00e8re \u00e0 ce que la r\u00e9flexion ne se limite plus \u00e0 l\u2019h\u00e9modialyse et d\u00e9passe ce cadre pour examiner la possibilit\u00e9 m\u00eame de r\u00e9aliser des transplantations de reins.<\/p>\n<p>Dans la foul\u00e9e, il a tenu \u00e0 rappeler qu\u2019il existe nombre de patients qui ont b\u00e9n\u00e9fici\u00e9 d\u2019une transplantation r\u00e9nale et ce, gr\u00e2ce aux comp\u00e9tences des m\u00e9decins marocains sp\u00e9cialistes.<\/p>\n<p>Et de conclure que le secteur de la sant\u00e9 est fondamental en mati\u00e8re de d\u00e9veloppement et qu\u2019il ne peut y avoir de d\u00e9veloppement socio\u00e9conomique sans un secteur de sant\u00e9 de qualit\u00e9.<\/p>\n<\/div>\n<p>Auteur: Mohammed KOURSI<br \/>\n<a href=\"http:\/\/www.mapmarrakech.ma\/fr\/webinaire-sur-la-prise-en-charge-des-insuffisances-renales-chroniques\/\">Cliquez ici pour lire l&rsquo;article depuis sa source.<\/a><\/p>\n","protected":false},"excerpt":{"rendered":"<p>Marrakech- La Direction R\u00e9gionale de la Sant\u00e9 de Marrakech-Safi a organis\u00e9, mercredi, un webinaire sous le th\u00e8me \u00ab\u00a0la prise en charge des insuffisances r\u00e9nales chroniques terminales dans le contexte Covid-19\u00a0\u00bb et ce, \u00e0 l\u2019occasion de la c\u00e9l\u00e9bration de la Journ\u00e9e mondiale de la sant\u00e9. A cette occasion, les participants ont soulign\u00e9 la n\u00e9cessit\u00e9 de d\u00e9velopper [&hellip;]<\/p>\n","protected":false},"author":1788,"featured_media":0,"comment_status":"closed","ping_status":"closed","sticky":false,"template":"","format":"standard","meta":{"fifu_image_url":"","fifu_image_alt":"","footnotes":""},"categories":[54,76],"tags":[],"class_list":["post-114547","post","type-post","status-publish","format-standard","hentry","category-maroc","category-regions"],"_links":{"self":[{"href":"https:\/\/linitiative.ca\/International\/wp-json\/wp\/v2\/posts\/114547","targetHints":{"allow":["GET"]}}],"collection":[{"href":"https:\/\/linitiative.ca\/International\/wp-json\/wp\/v2\/posts"}],"about":[{"href":"https:\/\/linitiative.ca\/International\/wp-json\/wp\/v2\/types\/post"}],"author":[{"embeddable":true,"href":"https:\/\/linitiative.ca\/International\/wp-json\/wp\/v2\/users\/1788"}],"replies":[{"embeddable":true,"href":"https:\/\/linitiative.ca\/International\/wp-json\/wp\/v2\/comments?post=114547"}],"version-history":[{"count":0,"href":"https:\/\/linitiative.ca\/International\/wp-json\/wp\/v2\/posts\/114547\/revisions"}],"wp:attachment":[{"href":"https:\/\/linitiative.ca\/International\/wp-json\/wp\/v2\/media?parent=114547"}],"wp:term":[{"taxonomy":"category","embeddable":true,"href":"https:\/\/linitiative.ca\/International\/wp-json\/wp\/v2\/categories?post=114547"},{"taxonomy":"post_tag","embeddable":true,"href":"https:\/\/linitiative.ca\/International\/wp-json\/wp\/v2\/tags?post=114547"}],"curies":[{"name":"wp","href":"https:\/\/api.w.org\/{rel}","templated":true}]}}