{"id":114549,"date":"2021-04-08T11:35:42","date_gmt":"2021-04-08T15:35:42","guid":{"rendered":"https:\/\/linitiative.ca\/International\/prescolaire-la-fondation-bmce-sallie-aux-aref-pour-creer-100-classes\/"},"modified":"2021-04-08T11:35:42","modified_gmt":"2021-04-08T15:35:42","slug":"prescolaire-la-fondation-bmce-sallie-aux-aref-pour-creer-100-classes","status":"publish","type":"post","link":"https:\/\/linitiative.ca\/International\/prescolaire-la-fondation-bmce-sallie-aux-aref-pour-creer-100-classes\/","title":{"rendered":"Pr\u00e9scolaire: La Fondation BMCE s\u2019allie aux AREF pour cr\u00e9er 100 classes"},"content":{"rendered":"<p class=\"rtejustify\">La Fondation BMCE Bank pour l\u2019\u00e9ducation et l\u2019environnement et les Acad\u00e9mies r\u00e9gionales d\u2019\u00e9ducation et de formation (AREF) de Marrakech-Safi, Tanger-T\u00e9touan-Al Hoceima et F\u00e8s-Mekn\u00e8s vont renforcer le nombre de classes dans trois r\u00e9gions.<\/p>\n<p class=\"rtejustify\">Les deux parties ont sign\u00e9, mercredi \u00e0 Rabat, des avenants aux accords sp\u00e9ciaux pour la programmation et l\u2019implantation de pr\u00e8s de 100 classes d\u2019enseignement pr\u00e9scolaire. Sign\u00e9s lors d\u2019une c\u00e9r\u00e9monie pr\u00e9sid\u00e9e par le ministre de l\u2019\u00c9ducation nationale, Saa\u00efd Amzazi, et la pr\u00e9sidente de ladite Fondation, Leila Meziane Benjelloun, ces avenants s\u2019inscrivent dans le cadre de l\u2019activation de l\u2019accord-cadre conclu entre le minist\u00e8re et la fondation le 16 mai 2018.<\/p>\n<p class=\"rtejustify\">Ils interviennent aussi dans le cadre des accords de partenariat sp\u00e9ciaux sign\u00e9s entre les AREF et cette fondation le 18 juillet 2018, date du lancement officiel du programme national de g\u00e9n\u00e9ralisation et de d\u00e9veloppement de l\u2019enseignement pr\u00e9scolaire.<\/p>\n<p class=\"rtejustify\">\u00a0<\/p>\n<p>Auteur: mbasraoui<br \/>\n<a href=\"https:\/\/www.leconomiste.com\/flash-infos\/prescolaire-la-fondation-bmce-s-allie-aux-aref-pour-creer-100-classes\">Cliquez ici pour lire l&rsquo;article depuis sa source.<\/a><\/p>\n","protected":false},"excerpt":{"rendered":"<p>La Fondation BMCE Bank pour l\u2019\u00e9ducation et l\u2019environnement et les Acad\u00e9mies r\u00e9gionales d\u2019\u00e9ducation et de formation (AREF) de Marrakech-Safi, Tanger-T\u00e9touan-Al Hoceima et F\u00e8s-Mekn\u00e8s vont renforcer le nombre de classes dans trois r\u00e9gions. Les deux parties ont sign\u00e9, mercredi \u00e0 Rabat, des avenants aux accords sp\u00e9ciaux pour la programmation et l\u2019implantation de pr\u00e8s de 100 classes [&hellip;]<\/p>\n","protected":false},"author":1763,"featured_media":0,"comment_status":"closed","ping_status":"closed","sticky":false,"template":"","format":"standard","meta":{"fifu_image_url":"","fifu_image_alt":"","footnotes":""},"categories":[78,54],"tags":[],"class_list":["post-114549","post","type-post","status-publish","format-standard","hentry","category-economie","category-maroc"],"_links":{"self":[{"href":"https:\/\/linitiative.ca\/International\/wp-json\/wp\/v2\/posts\/114549","targetHints":{"allow":["GET"]}}],"collection":[{"href":"https:\/\/linitiative.ca\/International\/wp-json\/wp\/v2\/posts"}],"about":[{"href":"https:\/\/linitiative.ca\/International\/wp-json\/wp\/v2\/types\/post"}],"author":[{"embeddable":true,"href":"https:\/\/linitiative.ca\/International\/wp-json\/wp\/v2\/users\/1763"}],"replies":[{"embeddable":true,"href":"https:\/\/linitiative.ca\/International\/wp-json\/wp\/v2\/comments?post=114549"}],"version-history":[{"count":0,"href":"https:\/\/linitiative.ca\/International\/wp-json\/wp\/v2\/posts\/114549\/revisions"}],"wp:attachment":[{"href":"https:\/\/linitiative.ca\/International\/wp-json\/wp\/v2\/media?parent=114549"}],"wp:term":[{"taxonomy":"category","embeddable":true,"href":"https:\/\/linitiative.ca\/International\/wp-json\/wp\/v2\/categories?post=114549"},{"taxonomy":"post_tag","embeddable":true,"href":"https:\/\/linitiative.ca\/International\/wp-json\/wp\/v2\/tags?post=114549"}],"curies":[{"name":"wp","href":"https:\/\/api.w.org\/{rel}","templated":true}]}}