{"id":114550,"date":"2021-04-08T11:42:59","date_gmt":"2021-04-08T15:42:59","guid":{"rendered":"https:\/\/linitiative.ca\/International\/lamatem-decroche-un-pret-de-la-berd\/"},"modified":"2021-04-08T11:42:59","modified_gmt":"2021-04-08T15:42:59","slug":"lamatem-decroche-un-pret-de-la-berd","status":"publish","type":"post","link":"https:\/\/linitiative.ca\/International\/lamatem-decroche-un-pret-de-la-berd\/","title":{"rendered":"Lamatem d\u00e9croche un pr\u00eat de la BERD"},"content":{"rendered":"<p class=\"rtejustify\">Lamatem, soci\u00e9t\u00e9 marocaine sp\u00e9cialis\u00e9e dans le textile, vient de b\u00e9n\u00e9ficier d\u2019un pr\u00eat de la Banque europ\u00e9enne pour la reconstruction et le d\u00e9veloppement (BERD) et l\u2019Union europ\u00e9enne (UE).<\/p>\n<p class=\"rtejustify\">D\u2019un montant de plus de 60 millions de DH (6 millions d\u2019euros), ce financement permettra \u00e0 l\u2019entreprise d\u2019accro\u00eetre ses exportations vers les march\u00e9s europ\u00e9ens, selon la BERD. C\u2019est la premi\u00e8re transaction \u00e0 b\u00e9n\u00e9ficier d\u2019une garantie de partage des risques offerte par l\u2019UE dans les secteurs industriel et des infrastructures dans le but de r\u00e9pondre aux besoins de liquidit\u00e9s \u00e0 court terme, dans le contexte de la reprise post-pand\u00e9mique, pr\u00e9cise-t-on.<\/p>\n<p class=\"rtejustify\">Avec ce pr\u00eat, Lamatem renforcer son offre d\u2019\u00e9quipements de protection m\u00e9dicale et offrira gamme de produits plus diversifi\u00e9e aux fournisseurs m\u00e9dicaux locaux et europ\u00e9ens, gr\u00e2ce \u00e0 l\u2019utilisation d\u2019une machine de st\u00e9rilisation \u00e0 la pointe de la technologie.<\/p>\n<p class=\"rtejustify\">La soci\u00e9t\u00e9 pourra \u00e9galement diversifier son approvisionnement \u00e9nerg\u00e9tique et stimuler l\u2019utilisation des \u00e9nergies renouvelables, avec la mise en place d\u2019un syst\u00e8me de panneaux solaires au-dessus de ses installations de production.<\/p>\n<p class=\"rtejustify\">\u00a0<\/p>\n<p>Auteur: mbasraoui<br \/>\n<a href=\"https:\/\/www.leconomiste.com\/flash-infos\/lamatem-decroche-un-pret-de-la-berd\">Cliquez ici pour lire l&rsquo;article depuis sa source.<\/a><\/p>\n","protected":false},"excerpt":{"rendered":"<p>Lamatem, soci\u00e9t\u00e9 marocaine sp\u00e9cialis\u00e9e dans le textile, vient de b\u00e9n\u00e9ficier d\u2019un pr\u00eat de la Banque europ\u00e9enne pour la reconstruction et le d\u00e9veloppement (BERD) et l\u2019Union europ\u00e9enne (UE). D\u2019un montant de plus de 60 millions de DH (6 millions d\u2019euros), ce financement permettra \u00e0 l\u2019entreprise d\u2019accro\u00eetre ses exportations vers les march\u00e9s europ\u00e9ens, selon la BERD. C\u2019est [&hellip;]<\/p>\n","protected":false},"author":1763,"featured_media":0,"comment_status":"closed","ping_status":"closed","sticky":false,"template":"","format":"standard","meta":{"fifu_image_url":"","fifu_image_alt":"","footnotes":""},"categories":[78,54],"tags":[],"class_list":["post-114550","post","type-post","status-publish","format-standard","hentry","category-economie","category-maroc"],"_links":{"self":[{"href":"https:\/\/linitiative.ca\/International\/wp-json\/wp\/v2\/posts\/114550","targetHints":{"allow":["GET"]}}],"collection":[{"href":"https:\/\/linitiative.ca\/International\/wp-json\/wp\/v2\/posts"}],"about":[{"href":"https:\/\/linitiative.ca\/International\/wp-json\/wp\/v2\/types\/post"}],"author":[{"embeddable":true,"href":"https:\/\/linitiative.ca\/International\/wp-json\/wp\/v2\/users\/1763"}],"replies":[{"embeddable":true,"href":"https:\/\/linitiative.ca\/International\/wp-json\/wp\/v2\/comments?post=114550"}],"version-history":[{"count":0,"href":"https:\/\/linitiative.ca\/International\/wp-json\/wp\/v2\/posts\/114550\/revisions"}],"wp:attachment":[{"href":"https:\/\/linitiative.ca\/International\/wp-json\/wp\/v2\/media?parent=114550"}],"wp:term":[{"taxonomy":"category","embeddable":true,"href":"https:\/\/linitiative.ca\/International\/wp-json\/wp\/v2\/categories?post=114550"},{"taxonomy":"post_tag","embeddable":true,"href":"https:\/\/linitiative.ca\/International\/wp-json\/wp\/v2\/tags?post=114550"}],"curies":[{"name":"wp","href":"https:\/\/api.w.org\/{rel}","templated":true}]}}