{"id":114551,"date":"2021-04-08T12:08:36","date_gmt":"2021-04-08T16:08:36","guid":{"rendered":"https:\/\/linitiative.ca\/International\/cgem-alj-entame-une-tournee-regionale\/"},"modified":"2021-04-08T12:08:36","modified_gmt":"2021-04-08T16:08:36","slug":"cgem-alj-entame-une-tournee-regionale","status":"publish","type":"post","link":"https:\/\/linitiative.ca\/International\/cgem-alj-entame-une-tournee-regionale\/","title":{"rendered":"CGEM: Alj entame une tourn\u00e9e r\u00e9gionale"},"content":{"rendered":"<p class=\"rtejustify\">Chakib Alj a entam\u00e9 ce jeudi une tourn\u00e9e r\u00e9gionale, \u00e0 F\u00e8s. Le pr\u00e9sident de la CGEM est accompagn\u00e9 de son vice-pr\u00e9sident Mehdi Tazi, des d\u00e9put\u00e9s CGEM Mehdi Abdelkrim et Abdelilah Hifdi, ainsi que d\u2019autres hauts cadres du Patronat.<\/p>\n<p class=\"rtejustify\">Cette visite se veut une occasion pour \u00e9changer du climat d\u2019affaires de la r\u00e9gion F\u00e8s-Mekn\u00e8s. Elle permettra aussi d\u2019esquisser les atouts de ce territoire et surmonter ses probl\u00e9matiques \u00e9conomiques. Car, le Patronat a aussi besoin d\u2019une remont\u00e9e d\u2019informations pour d\u00e9fendre les int\u00e9r\u00eats des entrepreneurs dans les r\u00e9gions. Surtout que F\u00e8s-Mekn\u00e8s est pr\u00e9sent\u00e9e comme forte de sa position strat\u00e9gique et de son potentiel \u00e9conomique, industriel et humain. Cette r\u00e9gion, qui depuis le d\u00e9coupage territorial de 2015 compte deux pr\u00e9fectures et neuf provinces, et constitue un p\u00f4le r\u00e9gional \u00e9mergent et prometteur.<\/p>\n<p class=\"rtejustify\">Selon les indicateurs macro-\u00e9conomiques, cette circonscription occupe la 4e position en termes de contribution \u00e0 la richesse nationale et participe \u00e0 hauteur de 8,4% au PIB national. Elle se hisse en deuxi\u00e8me position en termes de valeur ajout\u00e9e agricole. F\u00e8s-Mekn\u00e8s est \u00e9galement la deuxi\u00e8me destination, apr\u00e8s la r\u00e9gion de Rabat-Sal\u00e9-Kenitra, de l\u2019investissement en foncier en appui au Plan Maroc Vert et ce, depuis 2004. La richesse r\u00e9gionale est d\u2019abord ax\u00e9e sur les activit\u00e9s tertiaires qui repr\u00e9sentent 47,3% du PIB r\u00e9gional. La part du secteur primaire est de 21,1% et celle du secteur secondaire, comprenant notamment les industries manufacturi\u00e8res, de 17,6%. Pour hisser ces chiffres, les responsables de la r\u00e9gion promettent un accueil chaleureux aux investisseurs potentiels et de v\u00e9ritables opportunit\u00e9s d\u2019affaires.<\/p>\n<p class=\"rtejustify\">Signalons aussi que c\u2019est la seule r\u00e9gion qui compte deux repr\u00e9sentations patronales \u00e0 savoir la CGEM F\u00e8s-Taza et la CGEM Mekn\u00e8s-Ifrane. Les deux instances devraient s\u2019unir \u00e0 l\u2019issue des \u00e9lections pr\u00e9vues en d\u00e9cembre prochain. C\u2019est aussi pour cela que Chakib Alj se d\u00e9place aujourd\u2019hui \u00e0 F\u00e8s, puis \u00e0 Mekn\u00e8s demain, pour visiter 2 unit\u00e9s industrielles sp\u00e9cialis\u00e9es dans le c\u00e2blage.<\/p>\n<p class=\"rtejustify\">Y.S.A.<\/p>\n<p class=\"rtejustify\">\u00a0<\/p>\n<p>Auteur: hgueye<br \/>\n<a href=\"https:\/\/www.leconomiste.com\/flash-infos\/cgem-alj-entame-une-tournee-regionale\">Cliquez ici pour lire l&rsquo;article depuis sa source.<\/a><\/p>\n","protected":false},"excerpt":{"rendered":"<p>Chakib Alj a entam\u00e9 ce jeudi une tourn\u00e9e r\u00e9gionale, \u00e0 F\u00e8s. Le pr\u00e9sident de la CGEM est accompagn\u00e9 de son vice-pr\u00e9sident Mehdi Tazi, des d\u00e9put\u00e9s CGEM Mehdi Abdelkrim et Abdelilah Hifdi, ainsi que d\u2019autres hauts cadres du Patronat. Cette visite se veut une occasion pour \u00e9changer du climat d\u2019affaires de la r\u00e9gion F\u00e8s-Mekn\u00e8s. Elle permettra [&hellip;]<\/p>\n","protected":false},"author":1763,"featured_media":0,"comment_status":"closed","ping_status":"closed","sticky":false,"template":"","format":"standard","meta":{"fifu_image_url":"","fifu_image_alt":"","footnotes":""},"categories":[78,54],"tags":[],"class_list":["post-114551","post","type-post","status-publish","format-standard","hentry","category-economie","category-maroc"],"_links":{"self":[{"href":"https:\/\/linitiative.ca\/International\/wp-json\/wp\/v2\/posts\/114551","targetHints":{"allow":["GET"]}}],"collection":[{"href":"https:\/\/linitiative.ca\/International\/wp-json\/wp\/v2\/posts"}],"about":[{"href":"https:\/\/linitiative.ca\/International\/wp-json\/wp\/v2\/types\/post"}],"author":[{"embeddable":true,"href":"https:\/\/linitiative.ca\/International\/wp-json\/wp\/v2\/users\/1763"}],"replies":[{"embeddable":true,"href":"https:\/\/linitiative.ca\/International\/wp-json\/wp\/v2\/comments?post=114551"}],"version-history":[{"count":0,"href":"https:\/\/linitiative.ca\/International\/wp-json\/wp\/v2\/posts\/114551\/revisions"}],"wp:attachment":[{"href":"https:\/\/linitiative.ca\/International\/wp-json\/wp\/v2\/media?parent=114551"}],"wp:term":[{"taxonomy":"category","embeddable":true,"href":"https:\/\/linitiative.ca\/International\/wp-json\/wp\/v2\/categories?post=114551"},{"taxonomy":"post_tag","embeddable":true,"href":"https:\/\/linitiative.ca\/International\/wp-json\/wp\/v2\/tags?post=114551"}],"curies":[{"name":"wp","href":"https:\/\/api.w.org\/{rel}","templated":true}]}}