{"id":114552,"date":"2021-04-08T13:10:46","date_gmt":"2021-04-08T17:10:46","guid":{"rendered":"https:\/\/linitiative.ca\/International\/ramadan-une-cellule-de-protection-du-consommateur-lancee-a-casa-anfa\/"},"modified":"2021-04-08T13:10:46","modified_gmt":"2021-04-08T17:10:46","slug":"ramadan-une-cellule-de-protection-du-consommateur-lancee-a-casa-anfa","status":"publish","type":"post","link":"https:\/\/linitiative.ca\/International\/ramadan-une-cellule-de-protection-du-consommateur-lancee-a-casa-anfa\/","title":{"rendered":"Ramadan: Une cellule de protection du consommateur lanc\u00e9e \u00e0 Casa-Anfa"},"content":{"rendered":"<p class=\"rtejustify\">La pr\u00e9fecture d\u2019arrondissements Casablanca-Anfa a annonc\u00e9 la cr\u00e9ation d\u2019une cellule de permanence pour la protection des consommateurs, durant le ramadan.<\/p>\n<p class=\"rtejustify\">Cette cellule joignable au t\u00e9l\u00e9phone (05.22.22.41.30) recevra et traitera les dol\u00e9ances et r\u00e9clamations portant sur la qualit\u00e9 et les prix des produits et tout autre acte de nature \u00e0 nuire \u00e0 la sant\u00e9 ou \u00e0 la s\u00e9curit\u00e9 des citoyens, explique la pr\u00e9fecture.<\/p>\n<p class=\"rtejustify\">En parall\u00e8le, 3 commissions locales mixtes veilleront aussi sur la protection des consommateurs et le respect de la loi en vigueur pour concernant les prix et la qualit\u00e9 des produits.<\/p>\n<p class=\"rtejustify\">\u00a0<\/p>\n<p>Auteur: mbasraoui<br \/>\n<a href=\"https:\/\/www.leconomiste.com\/flash-infos\/ramadan-une-cellule-de-protection-du-consommateur-lancee-casa-anfa\">Cliquez ici pour lire l&rsquo;article depuis sa source.<\/a><\/p>\n","protected":false},"excerpt":{"rendered":"<p>La pr\u00e9fecture d\u2019arrondissements Casablanca-Anfa a annonc\u00e9 la cr\u00e9ation d\u2019une cellule de permanence pour la protection des consommateurs, durant le ramadan. Cette cellule joignable au t\u00e9l\u00e9phone (05.22.22.41.30) recevra et traitera les dol\u00e9ances et r\u00e9clamations portant sur la qualit\u00e9 et les prix des produits et tout autre acte de nature \u00e0 nuire \u00e0 la sant\u00e9 ou \u00e0 [&hellip;]<\/p>\n","protected":false},"author":1763,"featured_media":0,"comment_status":"closed","ping_status":"closed","sticky":false,"template":"","format":"standard","meta":{"fifu_image_url":"","fifu_image_alt":"","footnotes":""},"categories":[78,54],"tags":[],"class_list":["post-114552","post","type-post","status-publish","format-standard","hentry","category-economie","category-maroc"],"_links":{"self":[{"href":"https:\/\/linitiative.ca\/International\/wp-json\/wp\/v2\/posts\/114552","targetHints":{"allow":["GET"]}}],"collection":[{"href":"https:\/\/linitiative.ca\/International\/wp-json\/wp\/v2\/posts"}],"about":[{"href":"https:\/\/linitiative.ca\/International\/wp-json\/wp\/v2\/types\/post"}],"author":[{"embeddable":true,"href":"https:\/\/linitiative.ca\/International\/wp-json\/wp\/v2\/users\/1763"}],"replies":[{"embeddable":true,"href":"https:\/\/linitiative.ca\/International\/wp-json\/wp\/v2\/comments?post=114552"}],"version-history":[{"count":0,"href":"https:\/\/linitiative.ca\/International\/wp-json\/wp\/v2\/posts\/114552\/revisions"}],"wp:attachment":[{"href":"https:\/\/linitiative.ca\/International\/wp-json\/wp\/v2\/media?parent=114552"}],"wp:term":[{"taxonomy":"category","embeddable":true,"href":"https:\/\/linitiative.ca\/International\/wp-json\/wp\/v2\/categories?post=114552"},{"taxonomy":"post_tag","embeddable":true,"href":"https:\/\/linitiative.ca\/International\/wp-json\/wp\/v2\/tags?post=114552"}],"curies":[{"name":"wp","href":"https:\/\/api.w.org\/{rel}","templated":true}]}}