{"id":114554,"date":"2021-04-08T15:14:12","date_gmt":"2021-04-08T19:14:12","guid":{"rendered":"https:\/\/linitiative.ca\/International\/pros-ol-slimani-ne-profitera-pas-de-labsence-de-kadewere-face-au-red-star\/"},"modified":"2021-04-08T15:14:12","modified_gmt":"2021-04-08T19:14:12","slug":"pros-ol-slimani-ne-profitera-pas-de-labsence-de-kadewere-face-au-red-star","status":"publish","type":"post","link":"https:\/\/linitiative.ca\/International\/pros-ol-slimani-ne-profitera-pas-de-labsence-de-kadewere-face-au-red-star\/","title":{"rendered":"Pros : OL : Slimani ne profitera pas de l&rsquo;absence de Kadewere face au Red Star"},"content":{"rendered":"<div readability=\"32\">\n<p>Auteur : <span class=\"time\">jeudi 08 avril 2021 07:57<\/span><\/p>\n<\/div>\n<div id=\"post_core\" readability=\"45\">\n<p>Une longue liste d&rsquo;absents. Pour le 8e de finale de Coupe de France ce jeudi (18h) face au Red Star, Rudi Garcia devra se passer des services d&rsquo;Anthony Lopes, L\u00e9o Dubois, Houssem Aouar, Tino Kadewere et Islam Slimani (suspendu).<\/p>\n<p>Selon la radio Radio Scoop, l&rsquo;attaquant Tino Kadewere (25 ans) sera \u00e9cart\u00e9 des terrains pendant environ trois semaines en raison d&rsquo;une d\u00e9chirure de la cuisse. Si Slimani ne va pas en profiter ce jeudi en raison de sa suspension, une opportunit\u00e9 de s&rsquo;offrir du temps de jeu lui sera forc\u00e9ment offerte lors des semaines \u00e0 venir.<\/p>\n<p><strong>Publi\u00e9 dans :<\/strong> <span>slimani<\/span><\/p>\n<\/div>\n<p>Auteur:<br \/>\n<a href=\"http:\/\/www.lebuteur.com\/article\/detail?titre=ol-slimani-ne-profitera-pas-de-labsence-de-kadewere-face-au-red-star&#038;id=99652&#038;utm_source=feedburner&#038;utm_medium=feed&#038;utm_campaign=Feed%3A+GalerieFArtciles+%28Les+derniers+articles++-+lebuteur.com%29\">Cliquez ici pour lire l&rsquo;article depuis sa source.<\/a><\/p>\n","protected":false},"excerpt":{"rendered":"<p>Auteur : jeudi 08 avril 2021 07:57 Une longue liste d&rsquo;absents. Pour le 8e de finale de Coupe de France ce jeudi (18h) face au Red Star, Rudi Garcia devra se passer des services d&rsquo;Anthony Lopes, L\u00e9o Dubois, Houssem Aouar, Tino Kadewere et Islam Slimani (suspendu). Selon la radio Radio Scoop, l&rsquo;attaquant Tino Kadewere (25 [&hellip;]<\/p>\n","protected":false},"author":1738,"featured_media":0,"comment_status":"closed","ping_status":"closed","sticky":false,"template":"","format":"standard","meta":{"fifu_image_url":"\/\/cdn.lebuteur.com\/data\/images\/article\/thumbs\/large-ol-slimani-ne-profitera-pas-de-labsence-de-kadewere-face-au-red-star-d58e2.jpg","fifu_image_alt":"Pros : OL : Slimani ne profitera pas de l'absence de Kadewere face au Red Star","footnotes":""},"categories":[53,75],"tags":[],"class_list":["post-114554","post","type-post","status-publish","format-standard","hentry","category-algerie","category-sport"],"_links":{"self":[{"href":"https:\/\/linitiative.ca\/International\/wp-json\/wp\/v2\/posts\/114554","targetHints":{"allow":["GET"]}}],"collection":[{"href":"https:\/\/linitiative.ca\/International\/wp-json\/wp\/v2\/posts"}],"about":[{"href":"https:\/\/linitiative.ca\/International\/wp-json\/wp\/v2\/types\/post"}],"author":[{"embeddable":true,"href":"https:\/\/linitiative.ca\/International\/wp-json\/wp\/v2\/users\/1738"}],"replies":[{"embeddable":true,"href":"https:\/\/linitiative.ca\/International\/wp-json\/wp\/v2\/comments?post=114554"}],"version-history":[{"count":0,"href":"https:\/\/linitiative.ca\/International\/wp-json\/wp\/v2\/posts\/114554\/revisions"}],"wp:attachment":[{"href":"https:\/\/linitiative.ca\/International\/wp-json\/wp\/v2\/media?parent=114554"}],"wp:term":[{"taxonomy":"category","embeddable":true,"href":"https:\/\/linitiative.ca\/International\/wp-json\/wp\/v2\/categories?post=114554"},{"taxonomy":"post_tag","embeddable":true,"href":"https:\/\/linitiative.ca\/International\/wp-json\/wp\/v2\/tags?post=114554"}],"curies":[{"name":"wp","href":"https:\/\/api.w.org\/{rel}","templated":true}]}}