{"id":114555,"date":"2021-04-08T15:14:15","date_gmt":"2021-04-08T19:14:15","guid":{"rendered":"https:\/\/linitiative.ca\/International\/international-real-benzema-previent-le-barca-avant-le-clasico\/"},"modified":"2021-04-08T15:14:15","modified_gmt":"2021-04-08T19:14:15","slug":"international-real-benzema-previent-le-barca-avant-le-clasico","status":"publish","type":"post","link":"https:\/\/linitiative.ca\/International\/international-real-benzema-previent-le-barca-avant-le-clasico\/","title":{"rendered":"International : Real : Benzema pr\u00e9vient le Bar\u00e7a avant le Clasico"},"content":{"rendered":"<div readability=\"32\">\n<p>Auteur : <span class=\"time\">jeudi 08 avril 2021 11:56<\/span><\/p>\n<\/div>\n<div id=\"post_core\" readability=\"52\">\n<p>L\u2019attaquant madril\u00e8ne sait \u00e0 quel point cette confrontation est importante, cette saison encore plus au vu de l\u2019\u00e9cart entre les deux clubs au classement (2 points) et alors que la fin de saison approche \u00e0 grands pas. Le vainqueur de ce match prendra une option suppl\u00e9mentaire vers le titre, et l\u2019ancien joueur de l\u2019Olympique Lyonnais en est bien conscient :<\/p>\n<p>\u00ab\u00a0Pour moi, le Clasico est le plus grand match du monde. Mais pas que pour moi, pour tout le monde. Il y a une histoire incroyable entre ces deux clubs, c&rsquo;est toujours un match d\u00e9cisif. Comme toujours, \u00e7a va \u00eatre un match difficile contre une \u00e9quipe qui aime avoir le ballon. Mais on aime aussi avoir le ballon. On doit aller sur le terrain pour gagner, car c&rsquo;est une finale pour nous. Ils aiment avoir la possession, ils ont un bon gardien et ils ont Messi. Il est tellement important pour Barcelone, sur tous les points\u00a0\u00bb, a-t-il expliqu\u00e9 comme le rapporte Footmercato.<\/p>\n<p><strong>Publi\u00e9 dans :<\/strong> <span>real madrid<\/span><\/p>\n<\/div>\n<p>Auteur:<br \/>\n<a href=\"http:\/\/www.lebuteur.com\/article\/detail?titre=real-benzema-previent-le-barca-avant-le-clasico&#038;id=99654&#038;utm_source=feedburner&#038;utm_medium=feed&#038;utm_campaign=Feed%3A+GalerieFArtciles+%28Les+derniers+articles++-+lebuteur.com%29\">Cliquez ici pour lire l&rsquo;article depuis sa source.<\/a><\/p>\n","protected":false},"excerpt":{"rendered":"<p>Auteur : jeudi 08 avril 2021 11:56 L\u2019attaquant madril\u00e8ne sait \u00e0 quel point cette confrontation est importante, cette saison encore plus au vu de l\u2019\u00e9cart entre les deux clubs au classement (2 points) et alors que la fin de saison approche \u00e0 grands pas. Le vainqueur de ce match prendra une option suppl\u00e9mentaire vers le [&hellip;]<\/p>\n","protected":false},"author":1738,"featured_media":0,"comment_status":"closed","ping_status":"closed","sticky":false,"template":"","format":"standard","meta":{"fifu_image_url":"\/\/cdn.lebuteur.com\/data\/images\/article\/thumbs\/large-real-benzema-previent-le-barca-avant-le-clasico-4d753.jpg","fifu_image_alt":"International : Real : Benzema pr\u00e9vient le Bar\u00e7a avant le Clasico","footnotes":""},"categories":[53,75],"tags":[],"class_list":["post-114555","post","type-post","status-publish","format-standard","hentry","category-algerie","category-sport"],"_links":{"self":[{"href":"https:\/\/linitiative.ca\/International\/wp-json\/wp\/v2\/posts\/114555","targetHints":{"allow":["GET"]}}],"collection":[{"href":"https:\/\/linitiative.ca\/International\/wp-json\/wp\/v2\/posts"}],"about":[{"href":"https:\/\/linitiative.ca\/International\/wp-json\/wp\/v2\/types\/post"}],"author":[{"embeddable":true,"href":"https:\/\/linitiative.ca\/International\/wp-json\/wp\/v2\/users\/1738"}],"replies":[{"embeddable":true,"href":"https:\/\/linitiative.ca\/International\/wp-json\/wp\/v2\/comments?post=114555"}],"version-history":[{"count":0,"href":"https:\/\/linitiative.ca\/International\/wp-json\/wp\/v2\/posts\/114555\/revisions"}],"wp:attachment":[{"href":"https:\/\/linitiative.ca\/International\/wp-json\/wp\/v2\/media?parent=114555"}],"wp:term":[{"taxonomy":"category","embeddable":true,"href":"https:\/\/linitiative.ca\/International\/wp-json\/wp\/v2\/categories?post=114555"},{"taxonomy":"post_tag","embeddable":true,"href":"https:\/\/linitiative.ca\/International\/wp-json\/wp\/v2\/tags?post=114555"}],"curies":[{"name":"wp","href":"https:\/\/api.w.org\/{rel}","templated":true}]}}