{"id":114556,"date":"2021-04-08T15:14:17","date_gmt":"2021-04-08T19:14:17","guid":{"rendered":"https:\/\/linitiative.ca\/International\/international-psg-un-defenseur-songe-a-un-depart\/"},"modified":"2021-04-08T15:14:17","modified_gmt":"2021-04-08T19:14:17","slug":"international-psg-un-defenseur-songe-a-un-depart","status":"publish","type":"post","link":"https:\/\/linitiative.ca\/International\/international-psg-un-defenseur-songe-a-un-depart\/","title":{"rendered":"International : PSG : Un d\u00e9fenseur songe \u00e0 un d\u00e9part"},"content":{"rendered":"<div readability=\"32\">\n<p>Auteur : <span class=\"time\">jeudi 08 avril 2021 12:10<\/span><\/p>\n<\/div>\n<div id=\"post_core\" readability=\"44\">\n<p>D\u2019ailleurs, le N\u00e9erlandais envisage d\u00e9sormais s\u00e9rieusement un d\u00e9part lors de la prochaine fen\u00eatre des transferts et ne s\u2019en est pas cach\u00e9 au m\u00e9dia\u00a0Voetbal International.<\/p>\n<p>\u00ab\u00a0A un moment donn\u00e9, tu es une sorte de titulaire. Tu as de la valeur pour l\u2019\u00e9quipe et puis, soudain, tu n\u2019es plus personne. Cela te ronge. Nous allons jeter un coup d\u2019oeil cet \u00e9t\u00e9. (\u2026) Il y a d\u00e9j\u00e0 des clubs qui se sont montr\u00e9s int\u00e9ress\u00e9s. Je veux juste jouer chaque semaine.\u00a0\u00bb Source : Les-Transferts.<\/p>\n<p><strong>Publi\u00e9 dans :<\/strong> <span>PSG : Mitchel Bakker<\/span><\/p>\n<\/div>\n<p>Auteur:<br \/>\n<a href=\"http:\/\/www.lebuteur.com\/article\/detail?titre=psg-un-defenseur-songe-a-un-depart&#038;id=99653&#038;utm_source=feedburner&#038;utm_medium=feed&#038;utm_campaign=Feed%3A+GalerieFArtciles+%28Les+derniers+articles++-+lebuteur.com%29\">Cliquez ici pour lire l&rsquo;article depuis sa source.<\/a><\/p>\n","protected":false},"excerpt":{"rendered":"<p>Auteur : jeudi 08 avril 2021 12:10 D\u2019ailleurs, le N\u00e9erlandais envisage d\u00e9sormais s\u00e9rieusement un d\u00e9part lors de la prochaine fen\u00eatre des transferts et ne s\u2019en est pas cach\u00e9 au m\u00e9dia\u00a0Voetbal International. \u00ab\u00a0A un moment donn\u00e9, tu es une sorte de titulaire. Tu as de la valeur pour l\u2019\u00e9quipe et puis, soudain, tu n\u2019es plus personne. [&hellip;]<\/p>\n","protected":false},"author":1738,"featured_media":0,"comment_status":"closed","ping_status":"closed","sticky":false,"template":"","format":"standard","meta":{"fifu_image_url":"\/\/cdn.lebuteur.com\/data\/images\/article\/thumbs\/large-psg-un-defenseur-songe-a-un-depart-197d7.jpg","fifu_image_alt":"International : PSG : Un d\u00e9fenseur songe \u00e0 un d\u00e9part","footnotes":""},"categories":[53,75],"tags":[],"class_list":["post-114556","post","type-post","status-publish","format-standard","hentry","category-algerie","category-sport"],"_links":{"self":[{"href":"https:\/\/linitiative.ca\/International\/wp-json\/wp\/v2\/posts\/114556","targetHints":{"allow":["GET"]}}],"collection":[{"href":"https:\/\/linitiative.ca\/International\/wp-json\/wp\/v2\/posts"}],"about":[{"href":"https:\/\/linitiative.ca\/International\/wp-json\/wp\/v2\/types\/post"}],"author":[{"embeddable":true,"href":"https:\/\/linitiative.ca\/International\/wp-json\/wp\/v2\/users\/1738"}],"replies":[{"embeddable":true,"href":"https:\/\/linitiative.ca\/International\/wp-json\/wp\/v2\/comments?post=114556"}],"version-history":[{"count":0,"href":"https:\/\/linitiative.ca\/International\/wp-json\/wp\/v2\/posts\/114556\/revisions"}],"wp:attachment":[{"href":"https:\/\/linitiative.ca\/International\/wp-json\/wp\/v2\/media?parent=114556"}],"wp:term":[{"taxonomy":"category","embeddable":true,"href":"https:\/\/linitiative.ca\/International\/wp-json\/wp\/v2\/categories?post=114556"},{"taxonomy":"post_tag","embeddable":true,"href":"https:\/\/linitiative.ca\/International\/wp-json\/wp\/v2\/tags?post=114556"}],"curies":[{"name":"wp","href":"https:\/\/api.w.org\/{rel}","templated":true}]}}