{"id":114557,"date":"2021-04-08T15:14:19","date_gmt":"2021-04-08T19:14:19","guid":{"rendered":"https:\/\/linitiative.ca\/International\/international-halilhodzic-aux-marocains-vous-netes-pas-contents-que-lalgerie-ait-gagne-la-coupe-dafrique\/"},"modified":"2021-04-08T15:14:19","modified_gmt":"2021-04-08T19:14:19","slug":"international-halilhodzic-aux-marocains-vous-netes-pas-contents-que-lalgerie-ait-gagne-la-coupe-dafrique","status":"publish","type":"post","link":"https:\/\/linitiative.ca\/International\/international-halilhodzic-aux-marocains-vous-netes-pas-contents-que-lalgerie-ait-gagne-la-coupe-dafrique\/","title":{"rendered":"International : Halilhodzic aux marocains : \u00abvous n\u2019\u00eates pas contents que l\u2019Alg\u00e9rie ait gagn\u00e9 la Coupe d\u2019Afrique\u00bb"},"content":{"rendered":"<div readability=\"32\">\n<p>Auteur : <span>Riad O.<\/span> <span class=\"time\">jeudi 08 avril 2021 18:22<\/span><\/p>\n<\/div>\n<div id=\"post_core\" readability=\"45\">\n<p>Connu pour son franc-parler, le s\u00e9lectionneur du Maroc, Vahid Halilhodzic \u00a0a r\u00e9alis\u00e9, aujourd\u2019hui en conf\u00e9rence de presse, une sortie m\u00e9diatique dont il a le secret. Celui qui a emmen\u00e9 les Verts vers un historique huiti\u00e8me de finale au Mondial 2014, a \u00e9t\u00e9 \u00a0interrog\u00e9 par un journaliste sur les ambitions du Maroc \u00e0 la prochaine CAN qui aura lieu au Cameroun. Et sa r\u00e9ponse a \u00e9t\u00e9 cinglante\u00a0:\u00a0\u00abEt le pr\u00e9sident (ndlr\u00a0; Fouzi Lekjaa pr\u00e9sident de la f\u00e9d\u00e9ration marocaine de football) et vous (s\u2019adressant aux journalistes), vous n\u2019\u00eates pas contents que l\u2019Alg\u00e9rie ait gagn\u00e9 la Coupe d\u2019Afrique. Je sens un petit peu que certains pr\u00e9f\u00e8rent la CAN \u00e0 la Coupe du Monde.\u00bb a-t-il d\u00e9clar\u00e9 devant les journalistes marocains, avant d\u2019ajouter\u00a0:\u00a0\u00abJe le dis franchement, si demain je vais coacher l\u2019\u00e9quipe \u00e0 la CAN \u00e7a ne sera pas pour aller faire du tourisme. Pas du tout ! On va essayer de faire le meilleur r\u00e9sultat possible.\u00bb Une sortie m\u00e9diatique qui risque de faire couler beaucoup d\u2019encre au Maroc.<\/p>\n<p><span class=\"c2\"><strong>Riad O.<\/strong><\/span><\/p>\n<p><strong>Publi\u00e9 dans :<\/strong> <span>Halilhodzic<\/span><\/p>\n<\/div>\n<p>Auteur:<br \/>\n<a href=\"http:\/\/www.lebuteur.com\/article\/detail?titre=halilhodzic-aux-marocains-vous-netes-pas-contents-que-lalgerie-ait-gagne-la-coupe-dafrique&#038;id=99655&#038;utm_source=feedburner&#038;utm_medium=feed&#038;utm_campaign=Feed%3A+GalerieFArtciles+%28Les+derniers+articles++-+lebuteur.com%29\">Cliquez ici pour lire l&rsquo;article depuis sa source.<\/a><\/p>\n","protected":false},"excerpt":{"rendered":"<p>Auteur : Riad O. jeudi 08 avril 2021 18:22 Connu pour son franc-parler, le s\u00e9lectionneur du Maroc, Vahid Halilhodzic \u00a0a r\u00e9alis\u00e9, aujourd\u2019hui en conf\u00e9rence de presse, une sortie m\u00e9diatique dont il a le secret. Celui qui a emmen\u00e9 les Verts vers un historique huiti\u00e8me de finale au Mondial 2014, a \u00e9t\u00e9 \u00a0interrog\u00e9 par un journaliste [&hellip;]<\/p>\n","protected":false},"author":1738,"featured_media":0,"comment_status":"closed","ping_status":"closed","sticky":false,"template":"","format":"standard","meta":{"fifu_image_url":"\/\/cdn.lebuteur.com\/data\/images\/article\/thumbs\/large-99655halilhodzic-aux-marocains-vous-netes-pas-contents-que-lalgerie-ait-gagne-la-coupe-dafrique-08cef.png","fifu_image_alt":"International : Halilhodzic aux marocains : \u00abvous n\u2019\u00eates pas contents que l\u2019Alg\u00e9rie ait gagn\u00e9 la Coupe d\u2019Afrique\u00bb","footnotes":""},"categories":[53,75],"tags":[],"class_list":["post-114557","post","type-post","status-publish","format-standard","hentry","category-algerie","category-sport"],"_links":{"self":[{"href":"https:\/\/linitiative.ca\/International\/wp-json\/wp\/v2\/posts\/114557","targetHints":{"allow":["GET"]}}],"collection":[{"href":"https:\/\/linitiative.ca\/International\/wp-json\/wp\/v2\/posts"}],"about":[{"href":"https:\/\/linitiative.ca\/International\/wp-json\/wp\/v2\/types\/post"}],"author":[{"embeddable":true,"href":"https:\/\/linitiative.ca\/International\/wp-json\/wp\/v2\/users\/1738"}],"replies":[{"embeddable":true,"href":"https:\/\/linitiative.ca\/International\/wp-json\/wp\/v2\/comments?post=114557"}],"version-history":[{"count":0,"href":"https:\/\/linitiative.ca\/International\/wp-json\/wp\/v2\/posts\/114557\/revisions"}],"wp:attachment":[{"href":"https:\/\/linitiative.ca\/International\/wp-json\/wp\/v2\/media?parent=114557"}],"wp:term":[{"taxonomy":"category","embeddable":true,"href":"https:\/\/linitiative.ca\/International\/wp-json\/wp\/v2\/categories?post=114557"},{"taxonomy":"post_tag","embeddable":true,"href":"https:\/\/linitiative.ca\/International\/wp-json\/wp\/v2\/tags?post=114557"}],"curies":[{"name":"wp","href":"https:\/\/api.w.org\/{rel}","templated":true}]}}