{"id":114560,"date":"2021-04-08T05:48:37","date_gmt":"2021-04-08T09:48:37","guid":{"rendered":"https:\/\/linitiative.ca\/International\/largement-suivie-selon-les-organisateurs-a-constantine-et-skikda\/"},"modified":"2021-04-08T05:48:37","modified_gmt":"2021-04-08T09:48:37","slug":"largement-suivie-selon-les-organisateurs-a-constantine-et-skikda","status":"publish","type":"post","link":"https:\/\/linitiative.ca\/International\/largement-suivie-selon-les-organisateurs-a-constantine-et-skikda\/","title":{"rendered":"Largement suivie, selon les organisateurs \u00e0 Constantine et Skikda"},"content":{"rendered":"<h4 class=\"title-14\"\/>\n<p class=\"p3\"><span class=\"s2\"><strong>L<\/strong><\/span><span class=\"s2\">es personnels m\u00e9dicaux, param\u00e9dicaux et les enseignants hospitalo-universitaires ont r\u00e9pondu au mot d\u2019ordre de la gr\u00e8ve nationale d\u2019une journ\u00e9e d\u00e9cid\u00e9e par la coordination intersyndicale regroupant le Syndicat national des enseignants des CHU (Snechu), le Syndicat national des praticiens de la sant\u00e9 publique (Snapap) et le Syndicat national des param\u00e9dicaux (Sap), d\u2019apr\u00e8s les \u00e9chos parvenus de certaines wilayas de l\u2019Est.<\/span><\/p>\n<p class=\"p3\"><span class=\"s2\">A Constantine, la journ\u00e9e a \u00e9t\u00e9 marqu\u00e9e par des marches de protestation organis\u00e9e au sein du CHU Benbadis de la ville, o\u00f9 tous les corps repr\u00e9sent\u00e9s dans ce mouvement y ont pris part, selon les organisateurs. On notera \u00e9galement des mouvements similaires dans les principaux h\u00f4pitaux de la wilaya, \u00e0 l\u2019instar de ceux d\u2019El Khroub, El Bir, Ali Mendjeli et Zighoud Youcef.<\/span><\/p>\n<p class=\"p3\"><span class=\"s2\">Dans la wilaya de Skikda et ne disposant pas d\u2019un CHU, le sit-in des praticiens de la sant\u00e9 publique, auquel avait appel\u00e9 l\u2019intersyndicale, s\u2019est finalement tenu \u00e0 l\u2019\u00e9tablissement public hospitalier des fr\u00e8res Guermech (ancien h\u00f4pital), de la ville de Skikda.<\/span><\/p>\n<p class=\"p3\"><span class=\"s2\">Ils \u00e9taient ainsi des dizaines \u00e0 r\u00e9pondre au mot d\u2019ordre en organisant un rassemblement juste devant l\u2019entr\u00e9e de l\u2019EPH en brandissant des pancartes portant des slogans en relation avec les mots d\u2019ordre d\u00e9non\u00e7ant la situation que vit le secteur de la sant\u00e9, notamment en mati\u00e8re des conditions de travail depuis le d\u00e9but de la pand\u00e9mie du coronavirus. Un communiqu\u00e9 a \u00e9galement \u00e9t\u00e9 lu \u00e0 l\u2019occasion pour rappeler encore les dol\u00e9ances de la corporation.<\/span><\/p>\n<p class=\"p3\"><span class=\"s2\"><em>\u00abNous avons enregistr\u00e9 une adh\u00e9sion massive des personnels affili\u00e9s \u00e0 la coordination<\/em> <em>aux marches de protestation, ainsi que le d\u00e9brayage qui a connu une r\u00e9elle r\u00e9ussite et pour lequel nous avons recens\u00e9 un taux de 80% \u00e0 l\u2019\u00e9chelle de la wilaya de Constantine\u00bb,<\/em> a affirm\u00e9 \u00e0 <em>El Watan<\/em> Abdelmalik Djemmame, secr\u00e9taire g\u00e9n\u00e9ral du bureau du SAP de la wilaya de Constantine.<span class=\"Apple-converted-space\">\u00a0<\/span><br \/><\/span><\/p>\n<p class=\"p5\"><strong><span class=\"s2\">Une plateforme de revendications\u00a0<\/span><\/strong><\/p>\n<p class=\"p4\"><span class=\"s2\"><em>\u00abNous tenons \u00e0 travers ce mouvement, qui n\u2019est qu\u2019un d\u00e9but, \u00e0 faire entendre notre voix face au mutisme des pouvoirs concernant notre plateforme de revendications l\u00e9gitimes que nous n\u2019avons cess\u00e9 de r\u00e9it\u00e9rer en diverses occasions et qui n\u2019ont connu aucune concr\u00e9tisation, malgr\u00e9 toutes les promesses\u00bb,<\/em> soutient le SG du SAP \u00e0 Constantine.<\/span><\/p>\n<p class=\"p4\"><span class=\"s2\">Ce dernier en rappellera les principaux points qui se r\u00e9sument en la r\u00e9vision du statut particulier des personnels de la sant\u00e9, la participation de leurs syndicats dans la r\u00e9forme hospitali\u00e8re d\u00e9cid\u00e9e par l\u2019Etat et pour laquelle ils se disent marginalis\u00e9s, mais surtout l\u2019am\u00e9lioration des conditions de travail dans les structures hospitali\u00e8res.<\/span><\/p>\n<p class=\"p4\"><span class=\"s2\"><em>\u00abIl est question \u00e9galement de la r\u00e9vision des salaires et des indemnit\u00e9s qui n\u2019ont connu aucune r\u00e9\u00e9valuation, comme nous revendiquons<\/em> <em>le strict respect des lois 90\/14 et 90\/02 concernant la repr\u00e9sentativit\u00e9 syndicale\u00a0\u00bb<\/em>, a not\u00e9 M. Djemmame.<\/span><\/p>\n<p class=\"p4\"><span class=\"s2\">Le repr\u00e9sentant du SAP, membre de la coordination intersyndicale, \u00e9voque surtout l\u2019entrave aux libert\u00e9s syndicales et les difficult\u00e9s rencontr\u00e9es dans l\u2019exercice de ce droit, en raison des mesures jug\u00e9es arbitraires prises par l\u2019administration. Notons que l\u2019une des principales revendications affich\u00e9es reste li\u00e9e au non-versement jusqu\u2019\u00e0 ce jour de la prime exceptionnelle Covid annonc\u00e9e par le chef de l\u2019Etat au profit des personnels de la sant\u00e9 et qui n\u2019a pas connu encore son aboutissement.<span class=\"Apple-converted-space\">\u00a0 \u00a0 \u00a0 \u00a0 \u00a0 \u00a0 \u00a0\u00a0<\/span><\/span><\/p>\n<p><span class=\"post-views-label\">Post Views:<\/span> <span class=\"post-views-count\">137<\/span><\/p>\n<p><br class=\"c2\"\/><\/p>\n<div class=\"ichhar-moneytagnative c5\" id=\"ichhar-554332583\">\n<p>Advertisements<\/p>\n<\/div>\n<p><br class=\"c2\"\/><br \/>\n<br class=\"c6\"\/><\/p>\n<p>Auteur: Anis Khecheba<br \/>\n<a href=\"https:\/\/www.elwatan.com\/edition\/actualite\/largement-suivie-selon-les-organisateurs-a-constantine-et-skikda-08-04-2021\">Cliquez ici pour lire l&rsquo;article depuis sa source.<\/a><\/p>\n","protected":false},"excerpt":{"rendered":"<p>Les personnels m\u00e9dicaux, param\u00e9dicaux et les enseignants hospitalo-universitaires ont r\u00e9pondu au mot d\u2019ordre de la gr\u00e8ve nationale d\u2019une journ\u00e9e d\u00e9cid\u00e9e par la coordination intersyndicale regroupant le Syndicat national des enseignants des CHU (Snechu), le Syndicat national des praticiens de la sant\u00e9 publique (Snapap) et le Syndicat national des param\u00e9dicaux (Sap), d\u2019apr\u00e8s les \u00e9chos parvenus de [&hellip;]<\/p>\n","protected":false},"author":1743,"featured_media":0,"comment_status":"closed","ping_status":"closed","sticky":false,"template":"","format":"standard","meta":{"fifu_image_url":"","fifu_image_alt":"","footnotes":""},"categories":[73,53],"tags":[],"class_list":["post-114560","post","type-post","status-publish","format-standard","hentry","category-actualite","category-algerie"],"_links":{"self":[{"href":"https:\/\/linitiative.ca\/International\/wp-json\/wp\/v2\/posts\/114560","targetHints":{"allow":["GET"]}}],"collection":[{"href":"https:\/\/linitiative.ca\/International\/wp-json\/wp\/v2\/posts"}],"about":[{"href":"https:\/\/linitiative.ca\/International\/wp-json\/wp\/v2\/types\/post"}],"author":[{"embeddable":true,"href":"https:\/\/linitiative.ca\/International\/wp-json\/wp\/v2\/users\/1743"}],"replies":[{"embeddable":true,"href":"https:\/\/linitiative.ca\/International\/wp-json\/wp\/v2\/comments?post=114560"}],"version-history":[{"count":0,"href":"https:\/\/linitiative.ca\/International\/wp-json\/wp\/v2\/posts\/114560\/revisions"}],"wp:attachment":[{"href":"https:\/\/linitiative.ca\/International\/wp-json\/wp\/v2\/media?parent=114560"}],"wp:term":[{"taxonomy":"category","embeddable":true,"href":"https:\/\/linitiative.ca\/International\/wp-json\/wp\/v2\/categories?post=114560"},{"taxonomy":"post_tag","embeddable":true,"href":"https:\/\/linitiative.ca\/International\/wp-json\/wp\/v2\/tags?post=114560"}],"curies":[{"name":"wp","href":"https:\/\/api.w.org\/{rel}","templated":true}]}}