{"id":114561,"date":"2021-04-08T05:49:54","date_gmt":"2021-04-08T09:49:54","guid":{"rendered":"https:\/\/linitiative.ca\/International\/mouvement-de-greve-dans-le-secteur-de-la-sante-large-adhesion-a-louest-du-pays\/"},"modified":"2021-04-08T05:49:54","modified_gmt":"2021-04-08T09:49:54","slug":"mouvement-de-greve-dans-le-secteur-de-la-sante-large-adhesion-a-louest-du-pays","status":"publish","type":"post","link":"https:\/\/linitiative.ca\/International\/mouvement-de-greve-dans-le-secteur-de-la-sante-large-adhesion-a-louest-du-pays\/","title":{"rendered":"Mouvement de gr\u00e8ve dans le secteur de la sant\u00e9 : Large adh\u00e9sion \u00e0 l\u2019ouest du pays"},"content":{"rendered":"<h4 class=\"title-14\"\/>\n<p class=\"p2\"><strong><em><span class=\"s2\">A\u00a0<\/span>Sidi Bel Abb\u00e8s, le mouvement de gr\u00e8ve auquel ont appel\u00e9 trois syndicats du secteur de la sant\u00e9,\u00a0\u00e0 savoir le Snechu, le SNPSP et le SAP, a \u00e9t\u00e9 largement suivi hier. Le taux de suivi du mot d\u2019ordre de gr\u00e8ve a \u00e9t\u00e9 de 95% dans l\u2019ensemble des \u00e9tablissements de sant\u00e9 de la wilaya, selon Djorf Benadji, repr\u00e9sentant local du Syndicat des param\u00e9dicaux (SAP).<\/em><\/strong><\/p>\n<p class=\"p3\"><span class=\"s2\"><em>\u00abApr\u00e8s une ann\u00e9e de lutte continue contre la pand\u00e9mie Covid-19, le personnel de la sant\u00e9 revendique l\u2019am\u00e9lioration des conditions de travail et le versement des primes annonc\u00e9es par le pr\u00e9sident de la R\u00e9publique\u00bb<\/em>, souligne M. Djorf.<\/span><\/p>\n<p class=\"p3\"><span class=\"s2\">Le repr\u00e9sentant de la SAP a appel\u00e9, en outre, \u00e0 cesser toutes les <em>\u00abpressions exerc\u00e9es\u00bb<\/em> sur l\u2019action syndicale dans la wilaya. A Tlemcen, la gr\u00e8ve a \u00e9t\u00e9 suivie massivement par le personnel m\u00e9dical. Le service minimum a \u00e9t\u00e9 garanti dans les diff\u00e9rentes structures hospitali\u00e8res de la wilaya.<\/span><\/p>\n<p class=\"p3\"><span class=\"s2\">A Oran, il est difficile d\u2019\u00e9valuer le taux d\u2019adh\u00e9sion \u00e0 la gr\u00e8ve des blouses blanches des centres hospitaliers, mais la protestation a bel et bien eu lieu hier et c\u2019est le cas au CHU d\u2019Oran. En plus d\u2019un d\u00e9brayage, un sit-in a \u00e9t\u00e9 organis\u00e9 dans la matin\u00e9e, selon plusieurs t\u00e9moignages recueillis sur place en d\u00e9but d\u2019apr\u00e8s-midi.<\/span><\/p>\n<p class=\"p3\"><span class=\"s2\">A titre illustratif, au pavillon 8 (urologie), les consultations n\u2019ont pas \u00e9t\u00e9 assur\u00e9es dans la matin\u00e9e mais <em>\u00abl\u2019aile r\u00e9serv\u00e9e aux urgences et aux interventions chirurgicales a fonctionn\u00e9 normalement\u00bb<\/em>, a assur\u00e9 un employ\u00e9. L\u2019appel de l\u2019intersyndicale a \u00e9galement \u00e9t\u00e9 entendu par le personnel param\u00e9dical. Profitant d\u2019un temps de pause, deux femmes faisant partie de cette cat\u00e9gorie disent adh\u00e9rer pleinement \u00e0 cet appel. <em>\u00abNous souhaitons recevoir les primes et indemnit\u00e9s li\u00e9es \u00e0 la Covid, mais la protestation concerne d\u2019autres revendications li\u00e9es \u00e0 la situation des professionnels de la sant\u00e9\u00bb<\/em>, indique l\u2019une d\u2019elles.<\/span><\/p>\n<p class=\"p3\"><span class=\"s2\">Et \u00e0 l\u2019autre d\u2019encha\u00eener\u00a0:\u00a0<em>\u00abPersonnellement, je n\u2019ai pas quitt\u00e9 mon poste de travail, mais il faut savoir aussi que nous ne venons pas travailler uniquement pour le salaire, m\u00eame si nous revendiquons de meilleures conditions financi\u00e8res.\u00bb<\/em> Ici c\u2019est le c\u00f4t\u00e9 amour du m\u00e9tier qui est mis en avant et c\u2019\u00e9tait indirectement pour rappeler la lutte en premi\u00e8re ligne contre la pand\u00e9mie et le tribut pay\u00e9 dans ce cadre.<\/span><\/p>\n<p class=\"p3\"><span class=\"s2\">De mani\u00e8re g\u00e9n\u00e9rale, selon d\u2019autres t\u00e9moignages, le fonctionnement du CHU n\u2019a pas \u00e9t\u00e9 tr\u00e8s perturb\u00e9 par la protestation et, visiblement, ce n\u2019\u00e9tait pas non plus le souhait des organisateurs qui<span class=\"Apple-converted-space\">\u00a0<\/span> attendent une r\u00e9ponse satisfaisante de la tutelle. Justement, le ministre de la Sant\u00e9 devait entamer sa visite de travail et d\u2019inspection hier \u00e0 Oran avec l\u2019inauguration \u00e0 partir de 16h30 d\u2019un Salon organis\u00e9 au Centre des conventions.<\/span><\/p>\n<p><span class=\"post-views-label\">Post Views:<\/span> <span class=\"post-views-count\">95<\/span><\/p>\n<p><br class=\"c2\"\/><\/p>\n<div class=\"ichhar-moneytagnative c5\" id=\"ichhar-1910950879\">\n<p>Advertisements<\/p>\n<\/div>\n<p><br class=\"c2\"\/><br \/>\n<br class=\"c6\"\/><\/p>\n<p>Auteur: Anis Khecheba<br \/>\n<a href=\"https:\/\/www.elwatan.com\/edition\/actualite\/large-adhesion-a-louest-du-pays-08-04-2021\">Cliquez ici pour lire l&rsquo;article depuis sa source.<\/a><\/p>\n","protected":false},"excerpt":{"rendered":"<p>A\u00a0Sidi Bel Abb\u00e8s, le mouvement de gr\u00e8ve auquel ont appel\u00e9 trois syndicats du secteur de la sant\u00e9,\u00a0\u00e0 savoir le Snechu, le SNPSP et le SAP, a \u00e9t\u00e9 largement suivi hier. Le taux de suivi du mot d\u2019ordre de gr\u00e8ve a \u00e9t\u00e9 de 95% dans l\u2019ensemble des \u00e9tablissements de sant\u00e9 de la wilaya, selon Djorf Benadji, [&hellip;]<\/p>\n","protected":false},"author":1743,"featured_media":0,"comment_status":"closed","ping_status":"closed","sticky":false,"template":"","format":"standard","meta":{"fifu_image_url":"","fifu_image_alt":"","footnotes":""},"categories":[73,53],"tags":[],"class_list":["post-114561","post","type-post","status-publish","format-standard","hentry","category-actualite","category-algerie"],"_links":{"self":[{"href":"https:\/\/linitiative.ca\/International\/wp-json\/wp\/v2\/posts\/114561","targetHints":{"allow":["GET"]}}],"collection":[{"href":"https:\/\/linitiative.ca\/International\/wp-json\/wp\/v2\/posts"}],"about":[{"href":"https:\/\/linitiative.ca\/International\/wp-json\/wp\/v2\/types\/post"}],"author":[{"embeddable":true,"href":"https:\/\/linitiative.ca\/International\/wp-json\/wp\/v2\/users\/1743"}],"replies":[{"embeddable":true,"href":"https:\/\/linitiative.ca\/International\/wp-json\/wp\/v2\/comments?post=114561"}],"version-history":[{"count":0,"href":"https:\/\/linitiative.ca\/International\/wp-json\/wp\/v2\/posts\/114561\/revisions"}],"wp:attachment":[{"href":"https:\/\/linitiative.ca\/International\/wp-json\/wp\/v2\/media?parent=114561"}],"wp:term":[{"taxonomy":"category","embeddable":true,"href":"https:\/\/linitiative.ca\/International\/wp-json\/wp\/v2\/categories?post=114561"},{"taxonomy":"post_tag","embeddable":true,"href":"https:\/\/linitiative.ca\/International\/wp-json\/wp\/v2\/tags?post=114561"}],"curies":[{"name":"wp","href":"https:\/\/api.w.org\/{rel}","templated":true}]}}