{"id":114562,"date":"2021-04-08T05:50:07","date_gmt":"2021-04-08T09:50:07","guid":{"rendered":"https:\/\/linitiative.ca\/International\/les-personnels-de-la-sante-en-greve-a-travers-le-pays-a-bout-de-patience\/"},"modified":"2021-04-08T05:50:07","modified_gmt":"2021-04-08T09:50:07","slug":"les-personnels-de-la-sante-en-greve-a-travers-le-pays-a-bout-de-patience","status":"publish","type":"post","link":"https:\/\/linitiative.ca\/International\/les-personnels-de-la-sante-en-greve-a-travers-le-pays-a-bout-de-patience\/","title":{"rendered":"Les personnels de la sant\u00e9 en gr\u00e8ve \u00e0 travers le pays : \u00c0 bout de patience"},"content":{"rendered":"<h4 class=\"title-14\"\/>\n<div class=\"featured_image\"><img loading=\"lazy\" decoding=\"async\" width=\"1701\" height=\"744\" src=\"https:\/\/www.elwatan.com\/wp-content\/uploads\/2021\/04\/UNEEEEEEEE-1.gif\" class=\"attachment-post-thumbnail size-post-thumbnail wp-post-image\" alt=\"\"\/> <span class=\"featured-image-caption\">Photo : H. Ly\u00e8s<\/span><\/div>\n<p class=\"p1\"><strong><em><span class=\"s1\">Le mouvement de protestation des blouses blanches a connu un franc succ\u00e8s. Le taux de suivi de la gr\u00e8ve men\u00e9e par l\u2019intersyndicale de la sant\u00e9 a d\u00e9pass\u00e9 les 80%.<\/span><\/em><\/strong><\/p>\n<p class=\"p1\"><span class=\"s1\">M<\/span><span class=\"s1\">algr\u00e9 un service minimum assur\u00e9, les h\u00f4pitaux du pays ont \u00e9t\u00e9 paralys\u00e9s durant toute la journ\u00e9e, d\u2019hier. \u00ab\u00a0<em>Il y avait une grande mobilisation dans les r\u00e9gions du pays. Nous avons bien marqu\u00e9 notre pr\u00e9sence mais surtout notre col\u00e8re palpable dans tous ces rassemblements r\u00e9ussis dans tous les \u00e9tablissements hospitaliers du pays. Nous attendons un retour de la tutelle que nous esp\u00e9rons positif. Il y va de l\u2019avenir de la sant\u00e9 publique<\/em>\u00a0\u00bb, d\u00e9clare Lyes Merabet, pr\u00e9sident du Syndicat national des praticiens de la sant\u00e9 publique (SNPSP) avant d\u2019annoncer fi\u00e8rement que le taux de participation \u00e0 ce mouvement de protestation d\u2019une journ\u00e9e a d\u00e9pass\u00e9 les 82%.<\/span><\/p>\n<p class=\"p1\"><span class=\"s1\">Pour rappel, les blouses blanches ont choisi la journ\u00e9e mondiale de la sant\u00e9 pour revendiquer une meilleure consid\u00e9ration pour le corps m\u00e9dical qui a perdu 220 de ses membres dont 176 m\u00e9decins durant la crise sanitaire de la Covid19. <em>\u00abNous ne tol\u00e9rons plus le bricolage. Nous voulons des solutions r\u00e9elles et radicales. Assez de solutions de circonstance. Nous avons besoin de salaires d\u00e9cents digne de l\u2019arm\u00e9e blanche<\/em>\u00a0\u00bb, ajoute le D<sup>r<\/sup> Merabet devant une immense foule de m\u00e9decins et de param\u00e9dicaux rassembl\u00e9s au centre hospitalo-universitaire Mustapha Bacha \u00e0 Alger.<\/span><\/p>\n<p class=\"p1\"><span class=\"s1\">\u00abL\u2019arm\u00e9e blanche en col\u00e8re\u00a0\u00bb, \u00ab\u00a0la sant\u00e9 agonise\u00a0\u00bb et \u00ab\u00a0non \u00e0 la limitation des droits syndicaux\u00a0\u00bb sont autant de slogans relev\u00e9s durant cette journ\u00e9e. \u00ab <em>Cela fait des ann\u00e9es que nous militons pour la dignit\u00e9. Nous avons eu des promesses d\u2019une dizaine de ministres sans qu\u2019il y ait un v\u00e9ritable changement. Aujourd\u2019hui, nous disons une \u00e9ni\u00e8me fois \u00ab\u00a0non\u00a0\u00bb. Nous sommes pr\u00eats \u00e0 aller nettement loin qu\u2019une simple journ\u00e9e de protestation. Ne ne comptons pas nous taire jusqu\u2019\u00e0 voir nos revendications satisfaites\u00bb<\/em>, affirme le P<sup>r<\/sup> Rachid Belhadj, pr\u00e9sident du Syndicat nationale des enseignants chercheurs et hospitalo-universitaires (SNECHU).<\/span><\/p>\n<p class=\"p1\"><span class=\"s1\">Les 3 membres de l\u2019intersyndicale de la sant\u00e9, \u00e0 savoir le SNPSP, le SNECHU et le syndicat national des param\u00e9dicaux (SAP) ont pr\u00e9vu de se rencontrer la semaine pour \u00e9valuer la situation et d\u00e9cider d\u2019une \u00e9ventuelle nouvelle action.<\/span><\/p>\n<p class=\"p1\"><span class=\"s1\">Des membres du SAP proposent d\u00e9j\u00e0 des manifestations hebdomadaires chaque dimanche et mercredi. Signalons que les blouses blanches revendiquent une meilleure consid\u00e9ration salariale pour les m\u00e9decins et les param\u00e9dicaux, la cr\u00e9ation d\u2019une fonction publique pour le secteur de la sant\u00e9 et une modification du syst\u00e8me de s\u00e9curit\u00e9 sociale. En gros, il est demand\u00e9 la r\u00e9forme du syst\u00e8me de sant\u00e9.<\/span><\/p>\n<p class=\"p1\"><span class=\"s1\">Les membres de l\u2019intersyndicale de la sant\u00e9 demandent \u00e9galement la concr\u00e9tisation des promesses du pr\u00e9sident quant aux indemnit\u00e9s et primes sp\u00e9ciales Covid dues au personnel de la sant\u00e9.<\/span><\/p>\n<p class=\"p1\"><span class=\"s1\">Il est cit\u00e9 lors de cette conf\u00e9rence de presse, la prime Covid non vers\u00e9e jusqu\u2019\u00e0 ce jour, les indemnit\u00e9s pour les familles qui ont perdu un des leurs \u00e0 cause de cette pand\u00e9mie, la bonification de la retraite de 6 mois pour les travailleurs de la sant\u00e9 et la reconnaissance de cette maladie comme maladie professionnelle. Le troisi\u00e8me dossier est celui de l\u2019exercice syndical o\u00f9 les militants syndicaux sont vis\u00e9s par les m\u00eames pratiques sans aucun changement.<\/span><\/p>\n<p><span class=\"post-views-label\">Post Views:<\/span> <span class=\"post-views-count\">1\u00a0197<\/span><\/p>\n<p><br class=\"c2\"\/><\/p>\n<div class=\"ichhar-moneytagnative c5\" id=\"ichhar-1010098615\">\n<p>Advertisements<\/p>\n<\/div>\n<p><br class=\"c2\"\/><br \/>\n<br class=\"c6\"\/><\/p>\n<p>Auteur: Anis Khecheba<br \/>\n<a href=\"https:\/\/www.elwatan.com\/a-la-une\/a-bout-de-patience-08-04-2021\">Cliquez ici pour lire l&rsquo;article depuis sa source.<\/a><\/p>\n","protected":false},"excerpt":{"rendered":"<p>Photo : H. Ly\u00e8s Le mouvement de protestation des blouses blanches a connu un franc succ\u00e8s. Le taux de suivi de la gr\u00e8ve men\u00e9e par l\u2019intersyndicale de la sant\u00e9 a d\u00e9pass\u00e9 les 80%. Malgr\u00e9 un service minimum assur\u00e9, les h\u00f4pitaux du pays ont \u00e9t\u00e9 paralys\u00e9s durant toute la journ\u00e9e, d\u2019hier. \u00ab\u00a0Il y avait une grande [&hellip;]<\/p>\n","protected":false},"author":1743,"featured_media":0,"comment_status":"closed","ping_status":"closed","sticky":false,"template":"","format":"standard","meta":{"fifu_image_url":"https:\/\/www.elwatan.com\/wp-content\/uploads\/2021\/04\/UNEEEEEEEE-1.gif","fifu_image_alt":"Les personnels de la sant\u00e9 en gr\u00e8ve \u00e0 travers le pays : \u00c0 bout de patience","footnotes":""},"categories":[73,53],"tags":[],"class_list":["post-114562","post","type-post","status-publish","format-standard","hentry","category-actualite","category-algerie"],"_links":{"self":[{"href":"https:\/\/linitiative.ca\/International\/wp-json\/wp\/v2\/posts\/114562","targetHints":{"allow":["GET"]}}],"collection":[{"href":"https:\/\/linitiative.ca\/International\/wp-json\/wp\/v2\/posts"}],"about":[{"href":"https:\/\/linitiative.ca\/International\/wp-json\/wp\/v2\/types\/post"}],"author":[{"embeddable":true,"href":"https:\/\/linitiative.ca\/International\/wp-json\/wp\/v2\/users\/1743"}],"replies":[{"embeddable":true,"href":"https:\/\/linitiative.ca\/International\/wp-json\/wp\/v2\/comments?post=114562"}],"version-history":[{"count":0,"href":"https:\/\/linitiative.ca\/International\/wp-json\/wp\/v2\/posts\/114562\/revisions"}],"wp:attachment":[{"href":"https:\/\/linitiative.ca\/International\/wp-json\/wp\/v2\/media?parent=114562"}],"wp:term":[{"taxonomy":"category","embeddable":true,"href":"https:\/\/linitiative.ca\/International\/wp-json\/wp\/v2\/categories?post=114562"},{"taxonomy":"post_tag","embeddable":true,"href":"https:\/\/linitiative.ca\/International\/wp-json\/wp\/v2\/tags?post=114562"}],"curies":[{"name":"wp","href":"https:\/\/api.w.org\/{rel}","templated":true}]}}