{"id":114563,"date":"2021-04-08T16:44:38","date_gmt":"2021-04-08T20:44:38","guid":{"rendered":"https:\/\/linitiative.ca\/International\/affaire-de-lenfant-s-c-tadjadit-et-quatre-autres-activistes-places-en-detention-provisoire\/"},"modified":"2021-04-08T16:44:38","modified_gmt":"2021-04-08T20:44:38","slug":"affaire-de-lenfant-s-c-tadjadit-et-quatre-autres-activistes-places-en-detention-provisoire","status":"publish","type":"post","link":"https:\/\/linitiative.ca\/International\/affaire-de-lenfant-s-c-tadjadit-et-quatre-autres-activistes-places-en-detention-provisoire\/","title":{"rendered":"Affaire de l\u2019enfant S. C. : Tadjadit et quatre autres activistes plac\u00e9s en d\u00e9tention provisoire"},"content":{"rendered":"<h4 class=\"title-14\"\/>\n<div class=\"featured_image\"><img loading=\"lazy\" decoding=\"async\" width=\"783\" height=\"391\" src=\"https:\/\/www.elwatan.com\/wp-content\/uploads\/2021\/04\/Tadjadit.jpeg\" class=\"attachment-post-thumbnail size-post-thumbnail wp-post-image\" alt=\"\" srcset=\"https:\/\/www.elwatan.com\/wp-content\/uploads\/2021\/04\/Tadjadit.jpeg 783w, https:\/\/www.elwatan.com\/wp-content\/uploads\/2021\/04\/Tadjadit-300x150.jpeg 300w, https:\/\/www.elwatan.com\/wp-content\/uploads\/2021\/04\/Tadjadit-768x384.jpeg 768w\" sizes=\"auto, (max-width: 783px) 100vw, 783px\"\/><\/div>\n<p><strong><em>Mohamed Tadjadit, Soheib Debaghi, Malik Riahi, Tarek Debaghi et Khimoud Nourredine ont \u00e9t\u00e9 plac\u00e9s, aujourd\u2019hui, en d\u00e9tention provisoire, apr\u00e8s leur comparution devant un juge d\u2019instruction, au niveau du tribunal de Sidi M\u2019hamed.<\/em><\/strong><\/p>\n<p>Ils sont poursuivis dans l\u2019affaire de l\u2019enfant C. S., \u00e2g\u00e9 de 15 ans, qui avait \u00e9t\u00e9 arr\u00eat\u00e9 samedi dernier, lors d\u2019une tentative de marche, avant qu\u2019il ne soit rel\u00e2ch\u00e9 plusieurs heures apr\u00e8s.<\/p>\n<p>Une vid\u00e9o, dans laquelle apparaissait Tadjadit, le montrant en pleure et visiblement choqu\u00e9, et dans laquelle il y a eu des accusations de graves d\u00e9passements de la part des policiers avait provoqu\u00e9 l\u2019\u00e9moi chez de nombreux alg\u00e9riens.<\/p>\n<p>Le lendemain Tadjadit et Riahi avaient \u00e9t\u00e9 arr\u00eat\u00e9 \u00e0 Alger (Ain Benian). Les trois autres ont \u00e9t\u00e9 interpell\u00e9s \u00e0 Batna avant qu\u2019ils ne soient transf\u00e9r\u00e9s vers la capitale.<\/p>\n<p>Selon les avocats, ces cinq activistes sont poursuivis pour les chefs d\u2019inculpation de \u00ab\u00a0association de malfaiteurs\u00a0\u00bb, \u00ab\u00a0diffusion de fausses informations pouvant troubler l\u2019ordre public\u00a0\u00bb, \u00ab\u00a0atteinte \u00e0 la vie priv\u00e9e d\u2019un enfant et son exploitation \u00e0 des fins contraire \u00e0 la morale\u00a0\u00bb, \u00ab\u00a0incitation \u00e0 la d\u00e9bauche\u00a0\u00bb et \u00ab\u00a0possession de stup\u00e9fiants\u00a0\u00bb.<\/p>\n<p>Un rassemblement, auquel a pris part l\u2019enfant en question, s\u2019est tenu devant le tribunal en soutien aux mis en cause.<\/p>\n<p>Certains des avocats constitu\u00e9s, Me Madjid Hachour ou Yamina Alili entre autres, se sont demand\u00e9s comment des m\u00e9dias ont pris connaissance du dossier, en diffusant ces chefs d\u2019accusation, avant m\u00eame que les avocats n\u2019en prennent connaissance.<\/p>\n<p>L\u2019autre point \u00e9voqu\u00e9 par les avocats est le fait que les cinq mis en cause soient pr\u00e9sent\u00e9s devant le procureur le matin, \u00e0 8h30, sans leur pr\u00e9sence.<\/p>\n<p><span class=\"post-views-label\">Post Views:<\/span> <span class=\"post-views-count\">1<\/span><\/p>\n<p><br class=\"c2\"\/><\/p>\n<div class=\"ichhar-moneytagnative c5\" id=\"ichhar-1074088283\">\n<p>Advertisements<\/p>\n<\/div>\n<p><br class=\"c2\"\/><br \/>\n<br class=\"c6\"\/><\/p>\n<p>Auteur: Mohand Yahiaoui<br \/>\n<a href=\"https:\/\/www.elwatan.com\/edition\/actualite\/affaire-de-lenfant-s-c-tadjadit-et-quatre-autres-activistes-places-en-detention-provisoire-08-04-2021\">Cliquez ici pour lire l&rsquo;article depuis sa source.<\/a><\/p>\n","protected":false},"excerpt":{"rendered":"<p>Mohamed Tadjadit, Soheib Debaghi, Malik Riahi, Tarek Debaghi et Khimoud Nourredine ont \u00e9t\u00e9 plac\u00e9s, aujourd\u2019hui, en d\u00e9tention provisoire, apr\u00e8s leur comparution devant un juge d\u2019instruction, au niveau du tribunal de Sidi M\u2019hamed. Ils sont poursuivis dans l\u2019affaire de l\u2019enfant C. S., \u00e2g\u00e9 de 15 ans, qui avait \u00e9t\u00e9 arr\u00eat\u00e9 samedi dernier, lors d\u2019une tentative de [&hellip;]<\/p>\n","protected":false},"author":1743,"featured_media":0,"comment_status":"closed","ping_status":"closed","sticky":false,"template":"","format":"standard","meta":{"fifu_image_url":"https:\/\/www.elwatan.com\/wp-content\/uploads\/2021\/04\/Tadjadit.jpeg","fifu_image_alt":"Affaire de l\u2019enfant S. C. : Tadjadit et quatre autres activistes plac\u00e9s en d\u00e9tention provisoire","footnotes":""},"categories":[73,53],"tags":[],"class_list":["post-114563","post","type-post","status-publish","format-standard","hentry","category-actualite","category-algerie"],"_links":{"self":[{"href":"https:\/\/linitiative.ca\/International\/wp-json\/wp\/v2\/posts\/114563","targetHints":{"allow":["GET"]}}],"collection":[{"href":"https:\/\/linitiative.ca\/International\/wp-json\/wp\/v2\/posts"}],"about":[{"href":"https:\/\/linitiative.ca\/International\/wp-json\/wp\/v2\/types\/post"}],"author":[{"embeddable":true,"href":"https:\/\/linitiative.ca\/International\/wp-json\/wp\/v2\/users\/1743"}],"replies":[{"embeddable":true,"href":"https:\/\/linitiative.ca\/International\/wp-json\/wp\/v2\/comments?post=114563"}],"version-history":[{"count":0,"href":"https:\/\/linitiative.ca\/International\/wp-json\/wp\/v2\/posts\/114563\/revisions"}],"wp:attachment":[{"href":"https:\/\/linitiative.ca\/International\/wp-json\/wp\/v2\/media?parent=114563"}],"wp:term":[{"taxonomy":"category","embeddable":true,"href":"https:\/\/linitiative.ca\/International\/wp-json\/wp\/v2\/categories?post=114563"},{"taxonomy":"post_tag","embeddable":true,"href":"https:\/\/linitiative.ca\/International\/wp-json\/wp\/v2\/tags?post=114563"}],"curies":[{"name":"wp","href":"https:\/\/api.w.org\/{rel}","templated":true}]}}