{"id":114564,"date":"2021-04-08T16:38:31","date_gmt":"2021-04-08T20:38:31","guid":{"rendered":"https:\/\/linitiative.ca\/International\/le-pari-sur-lavenir-proche\/"},"modified":"2021-04-08T16:38:31","modified_gmt":"2021-04-08T20:38:31","slug":"le-pari-sur-lavenir-proche","status":"publish","type":"post","link":"https:\/\/linitiative.ca\/International\/le-pari-sur-lavenir-proche\/","title":{"rendered":"Le pari sur l\u2019avenir proche"},"content":{"rendered":"<p><strong>Le Maroc annonce l\u2019organisation de l\u2019op\u00e9ration \u00ab\u00a0Marhaba\u00a0\u00bb qui vise les Marocains\u00a0 de l\u2019\u00e9tranger. Il en a inform\u00e9 les autorit\u00e9s espagnoles, alors\u00a0 que les fronti\u00e8res entre les deux pays sont ferm\u00e9es \u00e0 cause du Covid. Cela signifie que les autorit\u00e9s marocaines esp\u00e8rent une sortie de crise en juin.<\/strong><\/p>\n<div class=\"c10\">\n<\/div>\n<p>C\u2019est un pari tr\u00e8s risqu\u00e9, parce qu\u2019il d\u00e9pend de l\u2019\u00e9volution de la pand\u00e9mie au Maroc, mais aussi en Europe. Or, les \u00e9pid\u00e9miologistes s\u2019\u00e9charpent sur les courbes, sont totalement d\u00e9sempar\u00e9s face aux variants, que les Etats ont des choix tr\u00e8s diff\u00e9renci\u00e9s, parfois totalement contradictoires. L\u2019idiotie c\u2019est de s\u2019appuyer sur des courbes statistiques, face \u00e0 un virus pervers, qui mute en permanence. Le Maroc se projette dans l\u2019avenir proche, nos dirigeants pensent pouvoir nous assurer un \u00ab\u00a0\u00e9t\u00e9 normal\u00a0\u00bb, relancer le tourisme, normaliser un tant soit peu notre vie. Le probl\u00e8me c\u2019est que comme dit le pr\u00e9sident fran\u00e7ais, c\u2019est le virus qui est le ma\u00eetre du temps.<\/p>\n<p><strong>Lire aussi| <a href=\"https:\/\/www.challenge.ma\/marche-de-la-peinture-odassia-passe-a-la-vitesse-superieure-180488\/\">March\u00e9 de la peinture : O\u2019Dassia passe \u00e0 la vitesse sup\u00e9rieure<\/a><\/strong><\/p>\n<p>Les ventes de ciment ont augment\u00e9, m\u00eame par rapport \u00e0 2019. C\u2019est une excellente nouvelle, parce que cela signifie que le BTP, secteur fortement utilisateur de main d\u2019\u0153uvre red\u00e9marre. Alors que ce n\u2019est pas le discours officiel, les Marocains s\u2019adaptent. La soci\u00e9t\u00e9\u00a0 a d\u00e9montr\u00e9 des ressources insoup\u00e7onn\u00e9es, pour qu\u2019au-del\u00e0 des aides, l\u2019activit\u00e9 puisse repartir. Mais si le Maroc repart, \u00e0 la fin de la pand\u00e9mie, sur les m\u00eames bases qu\u2019en 2019, il aura perdu une occasion historique.<\/p>\n<p><strong>Lire aussi| <a href=\"https:\/\/www.challenge.ma\/lamatem-decroche-un-pret-de-6-millions-deuros-aupres-de-la-berd-180996\/\">Lamatem d\u00e9croche un pr\u00eat de 6 millions d\u2019euros aupr\u00e8s de la BERD<\/a><\/strong><\/p>\n<p>Nous devons capitaliser sur les le\u00e7ons de la pand\u00e9mie. Elles sont claires dans trois domaines. Il faut lutter contre la pr\u00e9carit\u00e9, le projet de couverture sociale est primordial. Mais il faut amender un syst\u00e8me socio-\u00e9conomique qui cloue les pr\u00e9caires. Le syst\u00e8me de sant\u00e9, malgr\u00e9 le d\u00e9vouement des \u00e9quipes, est d\u00e9faillant. Il\u00a0 faut une vision d\u2019une politique de sant\u00e9 et non pas de soins, en fonction de nos moyens, mais en installant cette priorit\u00e9, y compris sur le plan budg\u00e9taire. Enfin, les Marocains ont exprim\u00e9 leur soutien \u00e0 une administration efficace. S\u2019arr\u00eater \u00e0 la digitalisation est une vue de l\u2019esprit. Les Marocains veulent une administration \u00e0 leur service. Il faut qu\u2019elle fasse preuve, de c\u00e9l\u00e9rit\u00e9, d\u2019efficacit\u00e9 et pourquoi pas d\u2019empathie. Lan\u00e7ons ces chantiers et le Maroc gagnera son pari sur l\u2019avenir.<\/p>\n<p>Auteur: challenge<br \/>\n<a href=\"https:\/\/www.challenge.ma\/le-pari-sur-lavenir-proche-181030\/\">Cliquez ici pour lire l&rsquo;article depuis sa source.<\/a><\/p>\n","protected":false},"excerpt":{"rendered":"<p>Le Maroc annonce l\u2019organisation de l\u2019op\u00e9ration \u00ab\u00a0Marhaba\u00a0\u00bb qui vise les Marocains\u00a0 de l\u2019\u00e9tranger. Il en a inform\u00e9 les autorit\u00e9s espagnoles, alors\u00a0 que les fronti\u00e8res entre les deux pays sont ferm\u00e9es \u00e0 cause du Covid. Cela signifie que les autorit\u00e9s marocaines esp\u00e8rent une sortie de crise en juin. C\u2019est un pari tr\u00e8s risqu\u00e9, parce qu\u2019il d\u00e9pend [&hellip;]<\/p>\n","protected":false},"author":1787,"featured_media":0,"comment_status":"closed","ping_status":"closed","sticky":false,"template":"","format":"standard","meta":{"fifu_image_url":"","fifu_image_alt":"","footnotes":""},"categories":[78,54],"tags":[],"class_list":["post-114564","post","type-post","status-publish","format-standard","hentry","category-economie","category-maroc"],"_links":{"self":[{"href":"https:\/\/linitiative.ca\/International\/wp-json\/wp\/v2\/posts\/114564","targetHints":{"allow":["GET"]}}],"collection":[{"href":"https:\/\/linitiative.ca\/International\/wp-json\/wp\/v2\/posts"}],"about":[{"href":"https:\/\/linitiative.ca\/International\/wp-json\/wp\/v2\/types\/post"}],"author":[{"embeddable":true,"href":"https:\/\/linitiative.ca\/International\/wp-json\/wp\/v2\/users\/1787"}],"replies":[{"embeddable":true,"href":"https:\/\/linitiative.ca\/International\/wp-json\/wp\/v2\/comments?post=114564"}],"version-history":[{"count":0,"href":"https:\/\/linitiative.ca\/International\/wp-json\/wp\/v2\/posts\/114564\/revisions"}],"wp:attachment":[{"href":"https:\/\/linitiative.ca\/International\/wp-json\/wp\/v2\/media?parent=114564"}],"wp:term":[{"taxonomy":"category","embeddable":true,"href":"https:\/\/linitiative.ca\/International\/wp-json\/wp\/v2\/categories?post=114564"},{"taxonomy":"post_tag","embeddable":true,"href":"https:\/\/linitiative.ca\/International\/wp-json\/wp\/v2\/tags?post=114564"}],"curies":[{"name":"wp","href":"https:\/\/api.w.org\/{rel}","templated":true}]}}