{"id":114569,"date":"2021-04-08T17:20:07","date_gmt":"2021-04-08T21:20:07","guid":{"rendered":"https:\/\/linitiative.ca\/International\/tunisie-video-la-colere-des-cafetiers-de-beja-2\/"},"modified":"2021-04-08T17:20:07","modified_gmt":"2021-04-08T21:20:07","slug":"tunisie-video-la-colere-des-cafetiers-de-beja-2","status":"publish","type":"post","link":"https:\/\/linitiative.ca\/International\/tunisie-video-la-colere-des-cafetiers-de-beja-2\/","title":{"rendered":"Tunisie \u2013 VIDEO : La col\u00e8re des cafetiers de B\u00e9ja!"},"content":{"rendered":"<div class=\"post-cont-in left relative\">\n<div id=\"post-info-wrap\" class=\"left relative post-info-out\">\n<div class=\"post-info-img left relative\"><img decoding=\"async\" alt=\"\" src=\"https:\/\/secure.gravatar.com\/avatar\/047123be9d5e8513774383916ee72db2?s=50&amp;d=mm&amp;r=g\" srcset=\"https:\/\/secure.gravatar.com\/avatar\/047123be9d5e8513774383916ee72db2?s=100&amp;d=mm&amp;r=g 2x\" class=\"avatar avatar-50 photo\" height=\"50\" width=\"50\" loading=\"lazy\"\/><\/div>\n<div class=\"post-info-in\">\n<div class=\"post-info-right left relative post-info-name left relative\"><span><span class=\"post-info-text\">Par<\/span> <span class=\"author-name vcard fn author\"><a href=\"https:\/\/www.tunisienumerique.com\/author\/lm\/\" title=\"Articles par LM\" rel=\"author\">LM<\/a><\/span><\/span> <span class=\"post-date updated\"><time class=\"post-date updated\" datetime=\"2021-04-08\">\u00a0| Il y a 22 secondes<\/time><\/span><br \/>\n<meta itemprop=\"dateModified\" content=\"2021-04-08\"\/><\/div>\n<div class=\"left relative\"><button id=\"listenButton1\" class=\"responsivevoice-button\" type=\"button\" value=\"Play\" title=\"\u00c9coutez l'article\"><span>\ud83d\udd0a \u00c9coutez l&rsquo;article<\/span><\/button>\n<\/div>\n<\/div>\n<\/div>\n<p>Ils refusent la prime de 200 DT qui ne leur servira \u00e0 rien, ne pouvant pas couvrir ne serait-ce qu\u2019en partie l\u2019un de leurs trop nombreux frais. Ils veulent travailler et ne veulent pas de la prime de l\u2019Etat. C\u2019est en ces termes que les cafetiers de B\u00e9ja ont comment\u00e9 les derni\u00e8res d\u00e9cisions de l\u2019Etat, notamment avec l\u2019instauration du couvre feu \u00e0 partir de 19H00, durant le mois de Ramadan.<\/p>\n<div class=\"code-block code-block-1 c5\">\n <ins class=\"adsbygoogle c4\" data-ad-layout=\"in-article\" data-ad-format=\"fluid\" data-ad-client=\"ca-pub-2102118777505746\" data-ad-slot=\"7301775417\"\/>\n<\/div>\n<p>La salari\u00e9 d\u2019un caf\u00e9 a assur\u00e9 qu\u2019il vit au jour le jour, et le jour o\u00f9 il ne travaille pas, il ne peut pas acheter \u00e0 manger \u00e0 ses deux enfants, sans compter qu\u2019il est appel\u00e9 \u00e0 payer son loyer. Il a qualifi\u00e9 les d\u00e9cisions du gouvernement d\u2019irresponsables et de trop s\u00e9v\u00e8res.<\/p>\n<p>Un autre professionnel a appel\u00e9 le chef du gouvernement \u00e0 revenir sur sa d\u00e9cision, sinon, ils seront oblig\u00e9s d\u2019aller vers l\u2019escalade. Il a expliqu\u00e9 que le secteur peine, encore \u00e0 r\u00e9cup\u00e9rer des retomb\u00e9es du confinement de l\u2019ann\u00e9e derni\u00e8re. Il a ajout\u00e9 que les professionnels vont, d\u2019autant plus, souffrir qu\u2019ils ont, d\u00e9j\u00e0 achet\u00e9 leurs provisions pour le mois de Ramadan. Provisions qu\u2019ils vont, imp\u00e9rativement, devoir payer.<\/p>\n<div class=\"swp_social_panel swp_horizontal_panel swp_flat_fresh swp_default_full_color swp_individual_full_color swp_other_full_color scale-100 scale-\" data-min-width=\"1100\" data-float-color=\"#ffffff\" data-float=\"bottom\" data-float-mobile=\"bottom\" data-transition=\"slide\">\n<div class=\"nc_tweetContainer swp_share_button total_shares total_sharesalt\"><span class=\"swp_count\">0 <span class=\"swp_label\">Partages<\/span><\/span><\/div>\n<\/div>\n<p><strong>Que se passe-t-il en Tunisie?<\/strong><br \/>Nous expliquons sur notre <a href=\"https:\/\/www.youtube.com\/channel\/UCRzypVq0B_yBad5eGrwBx0Q?sub_confirmation=1\" target=\"_blank\" rel=\"noopener\">cha\u00eene YouTube<\/a> . <a href=\"https:\/\/www.youtube.com\/channel\/UCRzypVq0B_yBad5eGrwBx0Q?sub_confirmation=1\" target=\"_blank\" rel=\"noopener\">Abonnez-vous!<\/a><\/p>\n<div class=\"mvp-org-wrap\" itemprop=\"publisher\">\n<div class=\"mvp-org-logo\" itemprop=\"logo\"><img decoding=\"async\" src=\"https:\/\/www.tunisienumerique.com\/wp-content\/uploads\/2017\/02\/logo_tunisie_numerique.png\"\/><br \/>\n<meta itemprop=\"url\" content=\"https:\/\/www.tunisienumerique.com\/wp-content\/uploads\/2017\/02\/logo_tunisie_numerique.png\"\/><\/div>\n<p><meta content=\"Tunisie\"\/><\/div>\n<div class=\"mvp-related-posts left relative\">\n<h4 class=\"post-header\"><span class=\"post-header\">Lire aussi<\/span><\/h4>\n<\/div>\n<div id=\"article-ad\">\n <ins class=\"adsbygoogle c6\" data-ad-client=\"ca-pub-2102118777505746\" data-ad-slot=\"6513972734\" data-ad-format=\"auto\" data-full-width-responsive=\"true\"\/>\n<\/div>\n<\/div>\n<div id=\"post-sidebar-wrap\">\n <ins class=\"adsbygoogle c6\" data-ad-client=\"ca-pub-2102118777505746\" data-ad-slot=\"6168283410\" data-ad-format=\"auto\" data-full-width-responsive=\"true\"\/>\n<\/div>\n<p>Auteur: LM<br \/>\n<a href=\"https:\/\/www.tunisienumerique.com\/tunisie-video-la-colere-des-cafetiers-de-beja\/\">Cliquez ici pour lire l&rsquo;article depuis sa source.<\/a><\/p>\n","protected":false},"excerpt":{"rendered":"<p>Par LM \u00a0| Il y a 22 secondes \ud83d\udd0a \u00c9coutez l&rsquo;article Ils refusent la prime de 200 DT qui ne leur servira \u00e0 rien, ne pouvant pas couvrir ne serait-ce qu\u2019en partie l\u2019un de leurs trop nombreux frais. Ils veulent travailler et ne veulent pas de la prime de l\u2019Etat. C\u2019est en ces termes que [&hellip;]<\/p>\n","protected":false},"author":1789,"featured_media":0,"comment_status":"closed","ping_status":"closed","sticky":false,"template":"","format":"standard","meta":{"fifu_image_url":"https:\/\/secure.gravatar.com\/avatar\/047123be9d5e8513774383916ee72db2?s=50&d=mm&r=g","fifu_image_alt":"Tunisie \u2013 VIDEO : La col\u00e8re des cafetiers de B\u00e9ja!","footnotes":""},"categories":[73,55],"tags":[],"class_list":["post-114569","post","type-post","status-publish","format-standard","hentry","category-actualite","category-tunisie"],"_links":{"self":[{"href":"https:\/\/linitiative.ca\/International\/wp-json\/wp\/v2\/posts\/114569","targetHints":{"allow":["GET"]}}],"collection":[{"href":"https:\/\/linitiative.ca\/International\/wp-json\/wp\/v2\/posts"}],"about":[{"href":"https:\/\/linitiative.ca\/International\/wp-json\/wp\/v2\/types\/post"}],"author":[{"embeddable":true,"href":"https:\/\/linitiative.ca\/International\/wp-json\/wp\/v2\/users\/1789"}],"replies":[{"embeddable":true,"href":"https:\/\/linitiative.ca\/International\/wp-json\/wp\/v2\/comments?post=114569"}],"version-history":[{"count":0,"href":"https:\/\/linitiative.ca\/International\/wp-json\/wp\/v2\/posts\/114569\/revisions"}],"wp:attachment":[{"href":"https:\/\/linitiative.ca\/International\/wp-json\/wp\/v2\/media?parent=114569"}],"wp:term":[{"taxonomy":"category","embeddable":true,"href":"https:\/\/linitiative.ca\/International\/wp-json\/wp\/v2\/categories?post=114569"},{"taxonomy":"post_tag","embeddable":true,"href":"https:\/\/linitiative.ca\/International\/wp-json\/wp\/v2\/tags?post=114569"}],"curies":[{"name":"wp","href":"https:\/\/api.w.org\/{rel}","templated":true}]}}