{"id":114570,"date":"2021-04-08T15:54:18","date_gmt":"2021-04-08T19:54:18","guid":{"rendered":"https:\/\/linitiative.ca\/International\/sommet-extraordinaire-de-la-sadc-sur-la-crise-securitaire-au-mozambique\/"},"modified":"2021-04-08T15:54:18","modified_gmt":"2021-04-08T19:54:18","slug":"sommet-extraordinaire-de-la-sadc-sur-la-crise-securitaire-au-mozambique","status":"publish","type":"post","link":"https:\/\/linitiative.ca\/International\/sommet-extraordinaire-de-la-sadc-sur-la-crise-securitaire-au-mozambique\/","title":{"rendered":"SOMMET EXTRAORDINAIRE DE LA SADC SUR LA CRISE SECURITAIRE AU MOZAMBIQUE"},"content":{"rendered":"<p class=\"c4\"><em>Les premi\u00e8res attaques dans la province mozambicaine de Cabo Delgado ont \u00e9t\u00e9 enregistr\u00e9es en 2017. A l\u2019\u00e9poque, les autorit\u00e9s mozambicaines, avec \u00e0 leur t\u00eate, le pr\u00e9sident Filipe Nyussi, ont vite fait de mettre seulement en cause une r\u00e9bellion locale, promettant de tout faire pour la mater dans les meilleurs d\u00e9lais. Quatre ans apr\u00e8s, ladite r\u00e9bellion locale a pris du galon au point de devenir une pr\u00e9occupation s\u00e9curitaire de premier plan non seulement pour le Mozambique, mais aussi pour l\u2019ensemble de la SADC. Un sommet extraordinaire de la SADC a \u00e9t\u00e9 convoqu\u00e9 le 8 avril \u00e0 Maputo, \u00e0 l\u2019effet de r\u00e9soudre la crise humanitaire et s\u00e9curitaire \u00e0 Cabo Delgado. Et le moins que l\u2019on puisse dire, c\u2019est que ce sommet a \u00e9t\u00e9 dict\u00e9 par les r\u00e9alit\u00e9s du terrain. En effet, en ao\u00fbt dernier, les insurg\u00e9s mozambicains, se revendiquant de l\u2019Etat islamique, ont r\u00e9ussi le tour de force de s\u2019emparer de Mocimboa de Praia. Leur r\u00e9cent acte de t\u00e9m\u00e9rit\u00e9 et de cruaut\u00e9 a \u00e9t\u00e9 l\u2019attaque meurtri\u00e8re de Palma. C\u2019\u00e9tait en fin mars dernier. Il \u00e9tait tout \u00e0 fait l\u00e9gitime que les pays voisins du Mozambique, qui plus est, partagent une communaut\u00e9 de destins avec ce pays dans le cadre de la SADC,\u00a0 fassent leur le\u00a0 malheur du Mozambique. La sagesse africaine ne dit-elle pas que quand la barbe du voisin prend feu, mieux vaut mouiller sa propre barbe\u00a0? Chaque pays membre de la SADC est venu donc \u00e0 Maputo pour mouiller sa barbe. Bien avant ce sommet, l\u2019UA (Union africaine) avait appel\u00e9 \u00e0 une riposte r\u00e9gionale pour briser les reins aux terroristes mozambicains qui s\u00e9vissent dans la province de Cabo\u00a0 Delgado. Mais il se trouvait que le pr\u00e9sident mozambicain, Filipe Nyusi, est un homme qui a horreur que les autres, fussent-ils ses voisins et ses partenaires de la SADC, s\u2019ing\u00e8rent dans ses affaires int\u00e9rieures.<\/em><\/p>\n<p class=\"c4\"><em>\u00a0<\/em><\/p>\n<p class=\"c6\"><strong><em>Il ne faut pas que le Mozambique reproduise l\u2019erreur du Nigeria<\/em><\/strong><\/p>\n<p class=\"c6\"><strong><em>\u00a0<\/em><\/strong><\/p>\n<p class=\"c4\"><em>Ce fut le cas d\u2019abord, \u00e0 la reprise des tensions avec la RENAMO, du nom de l\u2019opposition politique qui avait pris les armes contre les autorit\u00e9s de Maputo. Filipe Nyusi avait r\u00e9cus\u00e9 la m\u00e9diation de la SADC, arguant du fait qu\u2019il avait les moyens endog\u00e8nes pour r\u00e9gler la question. Depuis 2017, date de l\u2019apparition du mouvement djihadiste dans le Nord du Mozambique, il est dans cette disposition d\u2019esprit, celle selon laquelle le Mozambique a les moyens de r\u00e9soudre l\u2019\u00e9quation terroriste. Mais le simple fait qu\u2019il a accept\u00e9 que ce sommet extraordinaire se tienne au Mozambique pour se pencher exclusivement sur la crise humanitaire et s\u00e9curitaire \u00e0 Cabo Delgado, est un signe qu\u2019il n\u2019est pas irr\u00e9m\u00e9diablement et dogmatiquement contre l\u2019intervention de la SADC dans son pays pour l\u2019aider \u00e0 apporter la riposte qu\u2019il faut \u00e0 la menace terroriste. Et l\u2019on peut se risquer\u00a0 \u00e0 dire que ce\u00a0 sont les \u00e9v\u00e8nements douloureux de Palma du 24 mars dernier, qui l\u2019ont contraint \u00e0 mettre un peu d\u2019eau dans son vin\u2026 de souverainet\u00e9. En tout cas, vivement que ce sommet extraordinaire accouche d\u2019une r\u00e9ponse r\u00e9gionale \u00e0 la question terroriste qui se pose dans la province de Cabo Delgado. Il ne faut surtout pas que le Mozambique reproduise l\u2019erreur du Nigeria. En effet, au nom de la souverainet\u00e9 de ce pays, les autorit\u00e9s qui se sont succ\u00e9d\u00e9 \u00e0 sa t\u00eate, avaient toujours\u00a0 mis un point d\u2019honneur \u00e0 traiter de mani\u00e8re endog\u00e8ne et\u00a0 autonome, le probl\u00e8me de Boko Haram. Et c\u2019est ce p\u00e9ch\u00e9 originel, peut-on dire, qui\u00a0 a permis \u00e0 l\u2019hydre terroriste d\u2019\u00e9tendre ses tentacules dans presque tous les pays voisins du Nigeria. De ce point de vue, la SADC doit, le cas \u00e9ch\u00e9ant, imposer son intervention au Mozambique. Car, au rythme o\u00f9 vont les choses, l\u2019incendie peut d\u00e9border les fronti\u00e8res du Mozambique et embraser toute la r\u00e9gion. Et un pays comme la Tanzanie, qui est frontalier de la province de Cabo Delgado,\u00a0 a int\u00e9r\u00eat \u00e0 ce que la SADC prenne en charge la question. L\u2019Afrique du Sud, qui est la premi\u00e8re puissance \u00e9conomique et militaire de la r\u00e9gion, doit peser de tout son poids, pour imposer au besoin, l\u2019intervention de la SADC avant que la b\u00eate immonde ne mette l\u2019ensemble de la r\u00e9gion dans son escarcelle, comme c\u2019est le cas aujourd\u2019hui du Sahel\u00a0 africain.<\/em><\/p>\n<p class=\"c4\"><em>\u00a0<\/em><\/p>\n<p class=\"c6\"><em><strong>Pousdem Pickou<\/strong><\/em><\/p>\n<p class=\"c4\"><em>\u00a0<\/em><\/p>\n<p class=\"c4\"><em>\u00a0<\/em><\/p>\n<p class=\"c4\"><em>\u00a0<\/em><\/p>\n<p>Auteur: Editions LEPAYS<br \/>\n<a href=\"https:\/\/lepays.bf\/sommet-extraordinaire-de-la-sadc-sur-la-crise-securitaire-au-mozambique\/\">Cliquez ici pour lire l&rsquo;article depuis sa source.<\/a><\/p>\n","protected":false},"excerpt":{"rendered":"<p>Les premi\u00e8res attaques dans la province mozambicaine de Cabo Delgado ont \u00e9t\u00e9 enregistr\u00e9es en 2017. A l\u2019\u00e9poque, les autorit\u00e9s mozambicaines, avec \u00e0 leur t\u00eate, le pr\u00e9sident Filipe Nyussi, ont vite fait de mettre seulement en cause une r\u00e9bellion locale, promettant de tout faire pour la mater dans les meilleurs d\u00e9lais. Quatre ans apr\u00e8s, ladite r\u00e9bellion [&hellip;]<\/p>\n","protected":false},"author":1813,"featured_media":0,"comment_status":"closed","ping_status":"closed","sticky":false,"template":"","format":"standard","meta":{"fifu_image_url":"","fifu_image_alt":"","footnotes":""},"categories":[73,81],"tags":[],"class_list":["post-114570","post","type-post","status-publish","format-standard","hentry","category-actualite","category-burkina-faso"],"_links":{"self":[{"href":"https:\/\/linitiative.ca\/International\/wp-json\/wp\/v2\/posts\/114570","targetHints":{"allow":["GET"]}}],"collection":[{"href":"https:\/\/linitiative.ca\/International\/wp-json\/wp\/v2\/posts"}],"about":[{"href":"https:\/\/linitiative.ca\/International\/wp-json\/wp\/v2\/types\/post"}],"author":[{"embeddable":true,"href":"https:\/\/linitiative.ca\/International\/wp-json\/wp\/v2\/users\/1813"}],"replies":[{"embeddable":true,"href":"https:\/\/linitiative.ca\/International\/wp-json\/wp\/v2\/comments?post=114570"}],"version-history":[{"count":0,"href":"https:\/\/linitiative.ca\/International\/wp-json\/wp\/v2\/posts\/114570\/revisions"}],"wp:attachment":[{"href":"https:\/\/linitiative.ca\/International\/wp-json\/wp\/v2\/media?parent=114570"}],"wp:term":[{"taxonomy":"category","embeddable":true,"href":"https:\/\/linitiative.ca\/International\/wp-json\/wp\/v2\/categories?post=114570"},{"taxonomy":"post_tag","embeddable":true,"href":"https:\/\/linitiative.ca\/International\/wp-json\/wp\/v2\/tags?post=114570"}],"curies":[{"name":"wp","href":"https:\/\/api.w.org\/{rel}","templated":true}]}}